{"id":7552,"date":"2017-04-25T07:24:56","date_gmt":"2017-04-25T05:24:56","guid":{"rendered":"https:\/\/www.solidarnosc.org.pl\/dok\/?p=7552"},"modified":"2017-04-25T07:24:56","modified_gmt":"2017-04-25T05:24:56","slug":"stanowisko-kk-nr-ws-sluzby-zdrowia","status":"publish","type":"post","link":"https:\/\/www.solidarnosc.org.pl\/dok\/2017\/04\/25\/stanowisko-kk-nr-ws-sluzby-zdrowia\/","title":{"rendered":"Stanowisko KK nr 3\/17 ws. s\u0142u\u017cby zdrowia"},"content":{"rendered":"<p style=\"text-align: justify\">\n\tKomisja Krajowa NSZZ &bdquo;Solidarno\u015b\u0107&rdquo; wyra\u017ca zaniepokojenie brakiem realizacji zapowiadanej wielokrotnie przez premier RP regulacji ustawowej, dotycz\u0105cej wzrostu wynagrodze\u0144 dla pracownik&oacute;w ochrony zdrowia. Wdro\u017cenie tej ustawy jest konieczne w celu powstrzymania dalszej emigracji zarobkowej oraz narastaj\u0105cych protest&oacute;w spo\u0142ecznych<br \/>\n\tw szpitalach i przychodniach,<\/p>\n<p style=\"text-align: justify\">\n\tNSZZ &bdquo;Solidarno\u015b\u0107&rdquo; wielokrotnie zwraca\u0142 uwag\u0119 na ra\u017c\u0105ce dysproporcje w zarobkach pracownik&oacute;w szpitali i przychodni. Problem narasta\u0142 latami, a przedwyborcza decyzja rz\u0105du PO &ndash; PSL przyznaj\u0105ca podwy\u017cki tylko jednej grupie zawodowej, zaostrzy\u0142a konflikty<br \/>\n\ti pog\u0142\u0119bi\u0142a r&oacute;\u017cnice wynagrodze\u0144 &#8211; przyk\u0142adem jest sytuacja w ratownictwie medycznym &#8211; gdzie ratownik i piel\u0119gniarka wykonuj\u0105cy te same zadania maj\u0105 drastycznie zr&oacute;\u017cnicowane wynagrodzenie.<\/p>\n<p style=\"text-align: justify\">\n\t&nbsp;&nbsp;&nbsp;&nbsp;&nbsp;&nbsp;&nbsp;&nbsp;&nbsp;&nbsp;&nbsp; NSZZ &bdquo;Solidarno\u015b\u0107&rdquo; oczekuje nie tylko wyr&oacute;wnania tych dysproporcji, ale uchwalenia ustawy, kt&oacute;ra okre\u015bli minimalne wynagrodzenie pracownika w poszczeg&oacute;lnych grupach zawodowych, obejmuj\u0105c swoim dzia\u0142aniem wszystkich zatrudnionych w ochronie zdrowia. Nie ma i nie b\u0119dzie zgody NSZZ Solidarno\u015b\u0107 na incydentalne porozumienia p\u0142acowe i dalsze dzielenie \u015brodowiska. Sprawa wynagrodze\u0144 wymaga trwa\u0142ego i systemowego rozwi\u0105zania.<\/p>\n<p style=\"text-align: justify\">\n\t&nbsp;&nbsp;&nbsp;&nbsp;&nbsp; Liczne zmiany i reformy zapowiadane przez ministerstwo zdrowia, w wi\u0119kszo\u015bci spo\u0142ecznie oczekiwane, wymagaj\u0105 zabezpieczenia praw pracowniczych.<\/p>\n<p style=\"text-align: justify\">\n\tNie b\u0119dzie zgody NSZZ &bdquo;Solidarno\u015b\u0107&rdquo; na likwidacj\u0119 NFZ bez wprowadzenia ustawowych gwarancji kontynuacji zatrudnienia pracownik&oacute;w w nowych, podmiotach przejmuj\u0105cych dotychczasowe dzia\u0142ania tej instytucji.<\/p>\n<p style=\"text-align: justify\">\n\tW zakresie zapowiadanych przekszta\u0142ce\u0144 w Pa\u0144stwowej Inspekcji Sanitarnej, Zwi\u0105zek zaj\u0105\u0142 jednoznacznie negatywne stanowisko wyra\u017cone w Decyzji Prezydium KK nr 117\/16 z 10 sierpnia 2016 r. Domagamy si\u0119 jego uwzgl\u0119dnienia w projektowanych przez rz\u0105d&nbsp; zmianach.<\/p>\n<p style=\"text-align: justify\">\n\t&nbsp;Priorytetem jest i musi pozosta\u0107 bezpiecze\u0144stwo zdrowotne obywateli a nie interesy lobby producent&oacute;w \u017cywno\u015bci.<\/p>\n<p style=\"text-align: justify\">\n\tKK NSZZ &bdquo;Solidarno\u015b\u0107&rdquo; stanowczo podkre\u015bla, \u017ce w zmianach ustrojowych rola pa\u0144stwa jest wiod\u0105ca. Uwzgl\u0119dniaj\u0105c skutki spo\u0142eczne zmian rz\u0105d powinien przygotowa\u0107 je w rzetelnym, a nie pozorowanym dialogu z reprezentatywnymi organizacjami pracodawc&oacute;w i pracobiorc&oacute;w. NSZZ Solidarno\u015b\u0107 ostrzega \u017ce przeci\u0105ganie w czasie kluczowych dla \u015brodowiska decyzji i nie uwzgl\u0119dnienie uwag partner&oacute;w spo\u0142ecznych doprowadzi\u0107 mo\u017ce do radykalizacji nastroj&oacute;w spo\u0142ecznych w ochronie zdrowia.<\/p>\n<p>\n\t&nbsp;<\/p>\n<p><\/p>\n","protected":false},"excerpt":{"rendered":"<p>Komisja Krajowa NSZZ &bdquo;Solidarno\u015b\u0107&rdquo; wyra\u017ca zaniepokojenie brakiem realizacji zapowiadanej wielokrotnie przez premier RP regulacji ustawowej, dotycz\u0105cej wzrostu wynagrodze\u0144 dla pracownik&oacute;w ochrony zdrowia. Wdro\u017cenie tej ustawy jest konieczne w celu powstrzymania dalszej emigracji zarobkowej oraz narastaj\u0105cych protest&oacute;w spo\u0142ecznych w szpitalach i przychodniach, NSZZ &bdquo;Solidarno\u015b\u0107&rdquo; wielokrotnie zwraca\u0142 uwag\u0119 na ra\u017c\u0105ce dysproporcje w zarobkach pracownik&oacute;w szpitali i przychodni. [&hellip;]<\/p>\n","protected":false},"author":3,"featured_media":0,"comment_status":"closed","ping_status":"closed","sticky":false,"template":"","format":"standard","meta":{"footnotes":""},"categories":[81,8],"tags":[388,391,98,63,100],"class_list":["post-7552","post","type-post","status-publish","format-standard","hentry","category-2017kk","category-dokkk","tag-388","tag-3-17","tag-kk","tag-stanowisko","tag-stanowisko-kk"],"_links":{"self":[{"href":"https:\/\/www.solidarnosc.org.pl\/dok\/wp-json\/wp\/v2\/posts\/7552","targetHints":{"allow":["GET"]}}],"collection":[{"href":"https:\/\/www.solidarnosc.org.pl\/dok\/wp-json\/wp\/v2\/posts"}],"about":[{"href":"https:\/\/www.solidarnosc.org.pl\/dok\/wp-json\/wp\/v2\/types\/post"}],"author":[{"embeddable":true,"href":"https:\/\/www.solidarnosc.org.pl\/dok\/wp-json\/wp\/v2\/users\/3"}],"replies":[{"embeddable":true,"href":"https:\/\/www.solidarnosc.org.pl\/dok\/wp-json\/wp\/v2\/comments?post=7552"}],"version-history":[{"count":0,"href":"https:\/\/www.solidarnosc.org.pl\/dok\/wp-json\/wp\/v2\/posts\/7552\/revisions"}],"wp:attachment":[{"href":"https:\/\/www.solidarnosc.org.pl\/dok\/wp-json\/wp\/v2\/media?parent=7552"}],"wp:term":[{"taxonomy":"category","embeddable":true,"href":"https:\/\/www.solidarnosc.org.pl\/dok\/wp-json\/wp\/v2\/categories?post=7552"},{"taxonomy":"post_tag","embeddable":true,"href":"https:\/\/www.solidarnosc.org.pl\/dok\/wp-json\/wp\/v2\/tags?post=7552"}],"curies":[{"name":"wp","href":"https:\/\/api.w.org\/{rel}","templated":true}]}}