{"id":7475,"date":"2017-02-28T11:37:22","date_gmt":"2017-02-28T10:37:22","guid":{"rendered":"https:\/\/www.solidarnosc.org.pl\/dok\/?p=7475"},"modified":"2017-02-28T11:37:22","modified_gmt":"2017-02-28T10:37:22","slug":"uchwala-kk-nr-7-17-ws-zakupu-budynku-w-warszawie","status":"publish","type":"post","link":"https:\/\/www.solidarnosc.org.pl\/dok\/2017\/02\/28\/uchwala-kk-nr-7-17-ws-zakupu-budynku-w-warszawie\/","title":{"rendered":"Uchwa\u0142a KK nr 7\/17 ws. zakupu budynku w Warszawie"},"content":{"rendered":"<p>\n\t&nbsp;<\/p>\n<p>\n\tKomisja Krajowa NSZZ &bdquo;Solidarno\u015b\u0107&rdquo; postanawia zakupi\u0107 budynek w Warszawie, na potrzeby NSZZ &bdquo;Solidarno\u015b\u0107&rdquo;.<\/p>\n<p>\n\tKomisja Krajowa zobowi\u0105zuje Prezydium KK do przygotowania i zawarcia umowy zakupu. &nbsp;<\/p>\n<p><\/p>\n","protected":false},"excerpt":{"rendered":"<p>&nbsp; Komisja Krajowa NSZZ &bdquo;Solidarno\u015b\u0107&rdquo; postanawia zakupi\u0107 budynek w Warszawie, na potrzeby NSZZ &bdquo;Solidarno\u015b\u0107&rdquo;. Komisja Krajowa zobowi\u0105zuje Prezydium KK do przygotowania i zawarcia umowy zakupu. &nbsp;<\/p>\n","protected":false},"author":3,"featured_media":0,"comment_status":"closed","ping_status":"closed","sticky":false,"template":"","format":"standard","meta":{"footnotes":""},"categories":[81,8],"tags":[388,395,98,62,102],"class_list":["post-7475","post","type-post","status-publish","format-standard","hentry","category-2017kk","category-dokkk","tag-388","tag-7-17","tag-kk","tag-uchwala","tag-uchwala-kk"],"_links":{"self":[{"href":"https:\/\/www.solidarnosc.org.pl\/dok\/wp-json\/wp\/v2\/posts\/7475","targetHints":{"allow":["GET"]}}],"collection":[{"href":"https:\/\/www.solidarnosc.org.pl\/dok\/wp-json\/wp\/v2\/posts"}],"about":[{"href":"https:\/\/www.solidarnosc.org.pl\/dok\/wp-json\/wp\/v2\/types\/post"}],"author":[{"embeddable":true,"href":"https:\/\/www.solidarnosc.org.pl\/dok\/wp-json\/wp\/v2\/users\/3"}],"replies":[{"embeddable":true,"href":"https:\/\/www.solidarnosc.org.pl\/dok\/wp-json\/wp\/v2\/comments?post=7475"}],"version-history":[{"count":0,"href":"https:\/\/www.solidarnosc.org.pl\/dok\/wp-json\/wp\/v2\/posts\/7475\/revisions"}],"wp:attachment":[{"href":"https:\/\/www.solidarnosc.org.pl\/dok\/wp-json\/wp\/v2\/media?parent=7475"}],"wp:term":[{"taxonomy":"category","embeddable":true,"href":"https:\/\/www.solidarnosc.org.pl\/dok\/wp-json\/wp\/v2\/categories?post=7475"},{"taxonomy":"post_tag","embeddable":true,"href":"https:\/\/www.solidarnosc.org.pl\/dok\/wp-json\/wp\/v2\/tags?post=7475"}],"curies":[{"name":"wp","href":"https:\/\/api.w.org\/{rel}","templated":true}]}}