{"id":7432,"date":"2017-01-09T11:07:52","date_gmt":"2017-01-09T10:07:52","guid":{"rendered":"https:\/\/www.solidarnosc.org.pl\/dok\/?p=7432"},"modified":"2017-01-09T11:07:52","modified_gmt":"2017-01-09T10:07:52","slug":"stanowisko-kk-nr-1-17-ws-sytuacji-w-kraju","status":"publish","type":"post","link":"https:\/\/www.solidarnosc.org.pl\/dok\/2017\/01\/09\/stanowisko-kk-nr-1-17-ws-sytuacji-w-kraju\/","title":{"rendered":"Stanowisko KK nr 1\/17 ws.  sytuacji w kraju"},"content":{"rendered":"<p style=\"text-align: justify\">\n\tKomisja Krajowa NSZZ &bdquo;Solidarno\u015b\u0107&rdquo; z niepokojem obserwuje wydarzenia ostatnich tygodni rozgrywaj\u0105ce si\u0119 w Sejmie RP oraz w stolicy i innych miastach kraju.<\/p>\n<p style=\"text-align: justify\">\n\t&nbsp;&nbsp;&nbsp;&nbsp;&nbsp;&nbsp;&nbsp;&nbsp;&nbsp;&nbsp;&nbsp; Narracja opozycji, kt&oacute;ra sama nazywa siebie opozycj\u0105 totaln\u0105, ma na celu stworzenie wra\u017cenia totalnego chaosu w kraju. Metoda ta obliczona jest na wywo\u0142anie konfrontacji spo\u0142ecznej, parali\u017cu pa\u0144stwa a w konsekwencji na przej\u0119cie w\u0142adzy. Ten spos&oacute;b dzia\u0142ania niemaj\u0105cy nic wsp&oacute;lnego z demokracj\u0105 i niszcz\u0105cy kultur\u0119 polityczn\u0105, niezb\u0119dn\u0105 do funkcjonowania demokratycznych instytucji, nie mo\u017ce by\u0107 akceptowany. &nbsp;<\/p>\n<p style=\"text-align: justify\">\n\t&nbsp;&nbsp;&nbsp;&nbsp;&nbsp;&nbsp;&nbsp;&nbsp;&nbsp;&nbsp;&nbsp;&nbsp;&nbsp;&nbsp;&nbsp;&nbsp;&nbsp;&nbsp;&nbsp;&nbsp;&nbsp;&nbsp;&nbsp;&nbsp;&nbsp;&nbsp;&nbsp;&nbsp;&nbsp;&nbsp;&nbsp;&nbsp;&nbsp;&nbsp;&nbsp;&nbsp;&nbsp;&nbsp;&nbsp;&nbsp;&nbsp;&nbsp;&nbsp;&nbsp;&nbsp;&nbsp;&nbsp;&nbsp;&nbsp;<\/p>\n<p style=\"text-align: justify\">\n\tNiezale\u017cny Samorz\u0105dny Zwi\u0105zek Zawodowy &bdquo;Solidarno\u015b\u0107&rdquo;, zbudowany na zasadach demokratycznych w oparciu o szeroko rozumiane warto\u015bci zawarte w katolickiej nauce spo\u0142ecznej, w\u015br&oacute;d statutowych cel&oacute;w wskazuje mi\u0119dzy innymi &bdquo;szerzenie zasad demokracji i wyst\u0119powanie w obronie uniwersalnych warto\u015bci&rdquo; oraz &bdquo;kszta\u0142towanie aktywnej postawy dzia\u0142ania dla dobra Ojczyzny&rdquo;.<\/p>\n<p style=\"text-align: justify\">\n\tKieruj\u0105c si\u0119 powy\u017cszymi zasadami, Zwi\u0105zek nie mo\u017ce by\u0107 bierny w tej sytuacji.<br \/>\n\tNie chodzi nam o obron\u0119 tej czy innej partii politycznej, ale o obron\u0119 podstawowych zasad spo\u0142ecze\u0144stwa i pa\u0144stwa demokratycznego.<\/p>\n<p style=\"text-align: justify\">\n\t&nbsp;<\/p>\n<p style=\"text-align: justify\">\n\tPonadto ka\u017cdy obywatel powinien mie\u0107 w pami\u0119ci antypracownicze i antyspo\u0142eczne decyzje poprzedniej w\u0142adzy a dzisiejszej opozycji. Wyd\u0142u\u017cenie wieku emerytalnego, zlekcewa\u017cenie dw&oacute;ch milion&oacute;w podpis&oacute;w pod wnioskiem o referendum w tej sprawie, zamro\u017cenie podstawy dochodu wolnego od podatku, zamro\u017cenie wska\u017anika naliczenia odpisu na zak\u0142adowy fundusz \u015bwiadcze\u0144 socjalnych, wielokrotn\u0105 liberalizacj\u0119 Kodeksu pracy itp., nie mog\u0105 by\u0107 przez nas zapomniane.&nbsp;&nbsp;&nbsp;<\/p>\n<p style=\"text-align: justify\">\n\t&nbsp;<\/p>\n<p style=\"text-align: justify\">\n\tZrealizowanie przez obecn\u0105 ekip\u0119 rz\u0105dz\u0105c\u0105 wielu z postulat&oacute;w zwi\u0105zkowych i spo\u0142ecznych stanowi nadziej\u0119 na dalsze kontynuowanie prospo\u0142ecznej polityki pa\u0144stwa.<\/p>\n<p style=\"text-align: justify\">\n\tD\u0105\u017cenie tw&oacute;rc&oacute;w polityki antyspo\u0142ecznej do w\u0142adzy, stanowi zagro\u017cenie powrotem do tamtych, antypracowniczych rozwi\u0105za\u0144.<\/p>\n<p style=\"text-align: justify\">\n\tNSZZ &bdquo;Solidarno\u015b\u0107&rdquo;, bior\u0105c pod uwag\u0119 informacj\u0119 o mo\u017cliwym porozumieniu si\u0142 parlamentarnych zmierzaj\u0105cym do zako\u0144czenia kryzysu sejmowego uwa\u017ca, \u017ce nale\u017cy powstrzyma\u0107 si\u0119 od czynnych dzia\u0142a\u0144 i da\u0107 szans\u0119 na powr&oacute;t do normalno\u015bci.<\/p>\n<p style=\"text-align: justify\">\n\t&nbsp;&nbsp;&nbsp;&nbsp;&nbsp;&nbsp;&nbsp;&nbsp;&nbsp;&nbsp;&nbsp; NSZZ &bdquo;Solidarno\u015b\u0107&rdquo; apeluje o uszanowanie zasad demokracji konstytucyjnej i zaprzestanie totalnej opozycji wobec decyzji polskiego spo\u0142ecze\u0144stwa wyra\u017conej przy urnach wyborczych. Niezale\u017cnie od powy\u017cszego ka\u017cde naruszenie tych zasad, zmierzaj\u0105ce do parali\u017cu funkcjonowania pa\u0144stwa, spotka si\u0119 ze zdecydowan\u0105 reakcj\u0105 Zwi\u0105zku.<\/p>\n<p>\n\t&nbsp;<\/p>\n<p><\/p>\n","protected":false},"excerpt":{"rendered":"<p>Komisja Krajowa NSZZ &bdquo;Solidarno\u015b\u0107&rdquo; z niepokojem obserwuje wydarzenia ostatnich tygodni rozgrywaj\u0105ce si\u0119 w Sejmie RP oraz w stolicy i innych miastach kraju. &nbsp;&nbsp;&nbsp;&nbsp;&nbsp;&nbsp;&nbsp;&nbsp;&nbsp;&nbsp;&nbsp; Narracja opozycji, kt&oacute;ra sama nazywa siebie opozycj\u0105 totaln\u0105, ma na celu stworzenie wra\u017cenia totalnego chaosu w kraju. Metoda ta obliczona jest na wywo\u0142anie konfrontacji spo\u0142ecznej, parali\u017cu pa\u0144stwa a w konsekwencji na przej\u0119cie [&hellip;]<\/p>\n","protected":false},"author":3,"featured_media":0,"comment_status":"closed","ping_status":"closed","sticky":false,"template":"","format":"standard","meta":{"footnotes":""},"categories":[81,8],"tags":[389,388,98,63,100],"class_list":["post-7432","post","type-post","status-publish","format-standard","hentry","category-2017kk","category-dokkk","tag-1-17","tag-388","tag-kk","tag-stanowisko","tag-stanowisko-kk"],"_links":{"self":[{"href":"https:\/\/www.solidarnosc.org.pl\/dok\/wp-json\/wp\/v2\/posts\/7432","targetHints":{"allow":["GET"]}}],"collection":[{"href":"https:\/\/www.solidarnosc.org.pl\/dok\/wp-json\/wp\/v2\/posts"}],"about":[{"href":"https:\/\/www.solidarnosc.org.pl\/dok\/wp-json\/wp\/v2\/types\/post"}],"author":[{"embeddable":true,"href":"https:\/\/www.solidarnosc.org.pl\/dok\/wp-json\/wp\/v2\/users\/3"}],"replies":[{"embeddable":true,"href":"https:\/\/www.solidarnosc.org.pl\/dok\/wp-json\/wp\/v2\/comments?post=7432"}],"version-history":[{"count":0,"href":"https:\/\/www.solidarnosc.org.pl\/dok\/wp-json\/wp\/v2\/posts\/7432\/revisions"}],"wp:attachment":[{"href":"https:\/\/www.solidarnosc.org.pl\/dok\/wp-json\/wp\/v2\/media?parent=7432"}],"wp:term":[{"taxonomy":"category","embeddable":true,"href":"https:\/\/www.solidarnosc.org.pl\/dok\/wp-json\/wp\/v2\/categories?post=7432"},{"taxonomy":"post_tag","embeddable":true,"href":"https:\/\/www.solidarnosc.org.pl\/dok\/wp-json\/wp\/v2\/tags?post=7432"}],"curies":[{"name":"wp","href":"https:\/\/api.w.org\/{rel}","templated":true}]}}