{"id":7412,"date":"2016-12-20T09:44:36","date_gmt":"2016-12-20T08:44:36","guid":{"rendered":"https:\/\/www.solidarnosc.org.pl\/dok\/?p=7412"},"modified":"2016-12-20T09:44:36","modified_gmt":"2016-12-20T08:44:36","slug":"decyzja-prezydium-kk-nr-184-16-ws-zgody-na-uzycie-nazwy-i-znaku-graficznego-nszz-solidarnosc","status":"publish","type":"post","link":"https:\/\/www.solidarnosc.org.pl\/dok\/2016\/12\/20\/decyzja-prezydium-kk-nr-184-16-ws-zgody-na-uzycie-nazwy-i-znaku-graficznego-nszz-solidarnosc\/","title":{"rendered":"Decyzja Prezydium KK nr 184\/16 ws. zgody na u\u017cycie nazwy i znaku graficznego NSZZ \u201eSolidarno\u015b\u0107\u201d"},"content":{"rendered":"<p style=\"text-align: justify\">\n\t&nbsp; &nbsp; Prezydium Komisji Krajowej NSZZ &bdquo;Solidarno\u015b\u0107&rdquo;, na wniosek Haliny W\u0119grzyn, dyrektor szko\u0142y Podstawowej nr 21 im. \u015bwi\u0119tego Jana Paw\u0142a II w Nowym S\u0105czu, wyra\u017ca zgod\u0119 na u\u017cycie nazwy i znaku graficznego NSZZ &bdquo;Solidarno\u015b\u0107&rdquo; na materia\u0142ach informacyjnych zwi\u0105zanych z Og&oacute;lnopolskim Konkursem Historycznym zatytu\u0142owanym <em>Ocali\u0107 pami\u0119\u0107 o niez\u0142omnych pilotach gen. bryg. pil. Stanis\u0142awie Skalskim oraz por. pil. Janinie Lewandowskiej.<\/em><\/p>\n<p><\/p>\n","protected":false},"excerpt":{"rendered":"<p>&nbsp; &nbsp; Prezydium Komisji Krajowej NSZZ &bdquo;Solidarno\u015b\u0107&rdquo;, na wniosek Haliny W\u0119grzyn, dyrektor szko\u0142y Podstawowej nr 21 im. \u015bwi\u0119tego Jana Paw\u0142a II w Nowym S\u0105czu, wyra\u017ca zgod\u0119 na u\u017cycie nazwy i znaku graficznego NSZZ &bdquo;Solidarno\u015b\u0107&rdquo; na materia\u0142ach informacyjnych zwi\u0105zanych z Og&oacute;lnopolskim Konkursem Historycznym zatytu\u0142owanym Ocali\u0107 pami\u0119\u0107 o niez\u0142omnych pilotach gen. bryg. pil. Stanis\u0142awie Skalskim oraz por. [&hellip;]<\/p>\n","protected":false},"author":3,"featured_media":0,"comment_status":"closed","ping_status":"closed","sticky":false,"template":"","format":"standard","meta":{"footnotes":""},"categories":[77,9],"tags":[1702,357,61,536,534],"class_list":["post-7412","post","type-post","status-publish","format-standard","hentry","category-2016prezydium","category-dokprez","tag-184-16","tag-357","tag-decyzja","tag-decyzja-prezydium","tag-prezydium"],"_links":{"self":[{"href":"https:\/\/www.solidarnosc.org.pl\/dok\/wp-json\/wp\/v2\/posts\/7412","targetHints":{"allow":["GET"]}}],"collection":[{"href":"https:\/\/www.solidarnosc.org.pl\/dok\/wp-json\/wp\/v2\/posts"}],"about":[{"href":"https:\/\/www.solidarnosc.org.pl\/dok\/wp-json\/wp\/v2\/types\/post"}],"author":[{"embeddable":true,"href":"https:\/\/www.solidarnosc.org.pl\/dok\/wp-json\/wp\/v2\/users\/3"}],"replies":[{"embeddable":true,"href":"https:\/\/www.solidarnosc.org.pl\/dok\/wp-json\/wp\/v2\/comments?post=7412"}],"version-history":[{"count":0,"href":"https:\/\/www.solidarnosc.org.pl\/dok\/wp-json\/wp\/v2\/posts\/7412\/revisions"}],"wp:attachment":[{"href":"https:\/\/www.solidarnosc.org.pl\/dok\/wp-json\/wp\/v2\/media?parent=7412"}],"wp:term":[{"taxonomy":"category","embeddable":true,"href":"https:\/\/www.solidarnosc.org.pl\/dok\/wp-json\/wp\/v2\/categories?post=7412"},{"taxonomy":"post_tag","embeddable":true,"href":"https:\/\/www.solidarnosc.org.pl\/dok\/wp-json\/wp\/v2\/tags?post=7412"}],"curies":[{"name":"wp","href":"https:\/\/api.w.org\/{rel}","templated":true}]}}