{"id":7403,"date":"2016-12-20T09:33:36","date_gmt":"2016-12-20T08:33:36","guid":{"rendered":"https:\/\/www.solidarnosc.org.pl\/dok\/?p=7403"},"modified":"2016-12-20T09:33:36","modified_gmt":"2016-12-20T08:33:36","slug":"decyzja-prezydium-kk-nr-179-16-ws-opinii-o-projekcie-rozporzadzenia-rady-ministrow-w-sprawie-badan-statystycznych-statystyki-publicznej-na-rok-2018","status":"publish","type":"post","link":"https:\/\/www.solidarnosc.org.pl\/dok\/2016\/12\/20\/decyzja-prezydium-kk-nr-179-16-ws-opinii-o-projekcie-rozporzadzenia-rady-ministrow-w-sprawie-badan-statystycznych-statystyki-publicznej-na-rok-2018\/","title":{"rendered":"Decyzja Prezydium KK nr 179\/16 ws. opinii o projekcie rozporz\u0105dzenia Rady Ministr\u00f3w w sprawie bada\u0144 statystycznych statystyki publicznej na rok 2018"},"content":{"rendered":"<p style=\"text-align: justify\">\n\tPrezydium Komisji Krajowej NSZZ &bdquo;Solidarno\u015b\u0107&rdquo; wnosi o dodanie do programu bada\u0144 statystycznych statystyki publicznej na rok 2018 &nbsp;nast\u0119puj\u0105cych pozycji:<\/p>\n<p style=\"margin-left: 35.45pt;text-align: justify\">\n\t1.&nbsp;&nbsp; Bada\u0144, kt&oacute;re ustal\u0105 rzeczywiste rozmiary delegowania pracownik&oacute;w w kontek\u015bcie stosowania dyrektywy 96\/71\/WE.<\/p>\n<p style=\"margin-left: 35.45pt;text-align: justify\">\n\t&nbsp;&nbsp;&nbsp;&nbsp; W zwi\u0105zku z tym, \u017ce na podstawie danych statystycznych, w oparciu o liczb\u0119 wystawionych druk&oacute;w A1 nie jest mo\u017cliwe okre\u015blenie liczby os&oacute;b delegowanych, a jedynie przedstawiana jest liczba wystawionych za\u015bwiadcze\u0144 A1, konieczne jest wykonanie bada\u0144 w oparciu o inne dane statystyczne. Nie bez znaczenia jest fakt, \u017ce pracodawcy w Polsce deleguj\u0105 pracownik&oacute;w tak\u017ce w oparciu o przepisy art. 77 Kodeksu pracy. Pracownicy w zagranicznej podr&oacute;\u017cy s\u0142u\u017cbowej na podstawie K.p. najcz\u0119\u015bciej nie otrzymuj\u0105 za\u015bwiadcze\u0144 A1. Ta grupa pozostaje wi\u0119c poza statystyk\u0105, jak\u0105 mo\u017cna uzyska\u0107 z danych Zak\u0142adu Ubezpiecze\u0144 Spo\u0142ecznych.<\/p>\n<p style=\"margin-left: 35.45pt;text-align: justify\">\n\t2.&nbsp;&nbsp; W oparciu o druk A1 bada\u0144, kt&oacute;re poka\u017c\u0105 jakie umowy kwalifikowane s\u0105 do potwierdzenia statusu pracownika delegowanego w ramach kategorii: &bdquo;3.1 Oddelegowany pracownik najemny&rdquo;, &bdquo;3.3 Osoba oddelegowana pracuj\u0105ca na w\u0142asny rachunek&rdquo;, &bdquo;3.6 Osoba nale\u017c\u0105ca do personelu kontraktowego&rdquo;.<\/p>\n<p style=\"margin-left: 35.45pt;text-align: justify\">\n\t&nbsp;&nbsp;&nbsp; &nbsp;Zgodnie z art. 1 dyrektywy 96\/71\/WE osoby samozatrudnione nie musz\u0105 otrzymywa\u0107 minimalnej stawki p\u0142acy kraju oddelegowania. Stawki minimalne nale\u017cy wyp\u0142aca\u0107 pracownikom, czyli osobom maj\u0105cym umowy o prac\u0119 oraz osobom zatrudnionym na podstawie um&oacute;w cywilnoprawnych. Z informacji uzyskiwanych od os&oacute;b pracuj\u0105cych za granic\u0105 wynika, \u017ce cz\u0119sto nie otrzymuj\u0105 minimalnych stawek p\u0142acy kraju oddelegowania nawet je\u015bli \u015bwiadcz\u0105 prac\u0119 na podstawie umowy zlecenia czy umowy o dzie\u0142o (np. opiekunki w Niemczech). ZUS, wydaj\u0105c za\u015bwiadczenie A1, potwierdza status takiej osoby jako &bdquo;3.3 Osoba oddelegowana pracuj\u0105ca na w\u0142asny rachunek&rdquo;. To powoduje, \u017ce organy kontrolne kraju oddelegowania nie mog\u0105 dokona\u0107 kontroli w zakresie wysoko\u015bci stawki p\u0142acy takiej osoby. Osoba pracuj\u0105ca na w\u0142asny rachunek, dla zagranicznych organ&oacute;w kontroli nie musi otrzymywa\u0107 wynagrodzenia zgodnego z dyrektyw\u0105. Badanie statystyczne mia\u0142oby wi\u0119c na celu ustalenie czy i w jakim zakresie dochodzi do mylnego zakwalifikowania um&oacute;w cywilnoprawnych.<\/p>\n<p style=\"margin-left: 35.45pt;text-align: justify\">\n\t3.&nbsp;&nbsp; Reprezentatywnych bada\u0144 pracownik&oacute;w w firmach zatrudniaj\u0105cych do 9 os&oacute;b oraz samozatrudnionych &#8211; w zakresie cz\u0119stotliwo\u015bci korzystania z us\u0142ug medycyny pracy, dolegliwo\u015bci zdrowotnych oraz \u015bredniej ilo\u015bci godzin przepracowanych w tygodniu,<br \/>\n\tw zale\u017cno\u015bci od p\u0142ci oraz wieku.<\/p>\n<p style=\"margin-left: 35.45pt;text-align: justify\">\n\t&nbsp;&nbsp;&nbsp;&nbsp; Zorganizowanie pracownikom w\u0142a\u015bciwej, zgodnej z wymogami prawa, profilaktycznej opieki zdrowotnej odgrywa kluczow\u0105 rol\u0119 dla ochrony zdrowia i bezpiecze\u0144stwa zawodowego. Kontrola przestrzegania przepis&oacute;w, dotycz\u0105cych profilaktycznych bada\u0144 lekarskich, ma ograniczony zasi\u0119g. Jak wynika z danych Pa\u0144stwowej Inspekcji Pracy najwi\u0119kszy odsetek narusze\u0144 przepis&oacute;w dotycz\u0105cych okresowych bada\u0144 lekarskich mia\u0142 miejsce u pracodawc&oacute;w zatrudniaj\u0105cych do 9 pracownik&oacute;w. Natomiast brak jest danych dotycz\u0105cych przeprowadzania okresowych bada\u0144 lekarskich u os&oacute;b samozatrudnionych. Dlatego konieczne jest przeprowadzenie bada\u0144 reprezentatywnych, kt&oacute;re dadz\u0105 obraz problematyki ochrony zdrowia i bezpiecze\u0144stwa zawodowego, a wnioski z tych bada\u0144 przyczyni\u0105 si\u0119 do poprawy stanu zdrowia spo\u0142ecze\u0144stwa.<\/p>\n<p>\n\t&nbsp;<\/p>\n<p><\/p>\n","protected":false},"excerpt":{"rendered":"<p>Prezydium Komisji Krajowej NSZZ &bdquo;Solidarno\u015b\u0107&rdquo; wnosi o dodanie do programu bada\u0144 statystycznych statystyki publicznej na rok 2018 &nbsp;nast\u0119puj\u0105cych pozycji: 1.&nbsp;&nbsp; Bada\u0144, kt&oacute;re ustal\u0105 rzeczywiste rozmiary delegowania pracownik&oacute;w w kontek\u015bcie stosowania dyrektywy 96\/71\/WE. &nbsp;&nbsp;&nbsp;&nbsp; W zwi\u0105zku z tym, \u017ce na podstawie danych statystycznych, w oparciu o liczb\u0119 wystawionych druk&oacute;w A1 nie jest mo\u017cliwe okre\u015blenie liczby os&oacute;b [&hellip;]<\/p>\n","protected":false},"author":3,"featured_media":0,"comment_status":"closed","ping_status":"closed","sticky":false,"template":"","format":"standard","meta":{"footnotes":""},"categories":[77,9],"tags":[1697,357,61,536,534],"class_list":["post-7403","post","type-post","status-publish","format-standard","hentry","category-2016prezydium","category-dokprez","tag-179-16","tag-357","tag-decyzja","tag-decyzja-prezydium","tag-prezydium"],"_links":{"self":[{"href":"https:\/\/www.solidarnosc.org.pl\/dok\/wp-json\/wp\/v2\/posts\/7403","targetHints":{"allow":["GET"]}}],"collection":[{"href":"https:\/\/www.solidarnosc.org.pl\/dok\/wp-json\/wp\/v2\/posts"}],"about":[{"href":"https:\/\/www.solidarnosc.org.pl\/dok\/wp-json\/wp\/v2\/types\/post"}],"author":[{"embeddable":true,"href":"https:\/\/www.solidarnosc.org.pl\/dok\/wp-json\/wp\/v2\/users\/3"}],"replies":[{"embeddable":true,"href":"https:\/\/www.solidarnosc.org.pl\/dok\/wp-json\/wp\/v2\/comments?post=7403"}],"version-history":[{"count":0,"href":"https:\/\/www.solidarnosc.org.pl\/dok\/wp-json\/wp\/v2\/posts\/7403\/revisions"}],"wp:attachment":[{"href":"https:\/\/www.solidarnosc.org.pl\/dok\/wp-json\/wp\/v2\/media?parent=7403"}],"wp:term":[{"taxonomy":"category","embeddable":true,"href":"https:\/\/www.solidarnosc.org.pl\/dok\/wp-json\/wp\/v2\/categories?post=7403"},{"taxonomy":"post_tag","embeddable":true,"href":"https:\/\/www.solidarnosc.org.pl\/dok\/wp-json\/wp\/v2\/tags?post=7403"}],"curies":[{"name":"wp","href":"https:\/\/api.w.org\/{rel}","templated":true}]}}