{"id":736,"date":"1994-10-01T11:22:33","date_gmt":"1994-10-01T10:22:33","guid":{"rendered":"http:\/\/www.solidarnosc.org.pl\/dok\/?p=736"},"modified":"2012-10-01T11:45:50","modified_gmt":"2012-10-01T09:45:50","slug":"oswiadczenie-ws-podziekowania-czlonkom-i-wspolpracownikom-komisji-konstytucyjnej-oraz-konsultantom-i-ekspertom","status":"publish","type":"post","link":"https:\/\/www.solidarnosc.org.pl\/dok\/1994\/10\/01\/oswiadczenie-ws-podziekowania-czlonkom-i-wspolpracownikom-komisji-konstytucyjnej-oraz-konsultantom-i-ekspertom\/","title":{"rendered":"O\u015bwiadczenie VI KZD ws. podzi\u0119kowania cz\u0142onkom i wsp\u00f3\u0142pracownikom  Komisji Konstytucyjnej oraz konsultantom i ekspertom"},"content":{"rendered":"","protected":false},"excerpt":{"rendered":"","protected":false},"author":3,"featured_media":0,"comment_status":"closed","ping_status":"closed","sticky":false,"template":"","format":"standard","meta":{"footnotes":""},"categories":[23,16],"tags":[2833,2636,66,2659,2844],"class_list":["post-736","post","type-post","status-publish","format-standard","hentry","category-6kzd","category-dokkzd","tag-2833","tag-kzd","tag-oswiadczenie","tag-oswiadczenie-kzd","tag-vi-kzd"],"_links":{"self":[{"href":"https:\/\/www.solidarnosc.org.pl\/dok\/wp-json\/wp\/v2\/posts\/736","targetHints":{"allow":["GET"]}}],"collection":[{"href":"https:\/\/www.solidarnosc.org.pl\/dok\/wp-json\/wp\/v2\/posts"}],"about":[{"href":"https:\/\/www.solidarnosc.org.pl\/dok\/wp-json\/wp\/v2\/types\/post"}],"author":[{"embeddable":true,"href":"https:\/\/www.solidarnosc.org.pl\/dok\/wp-json\/wp\/v2\/users\/3"}],"replies":[{"embeddable":true,"href":"https:\/\/www.solidarnosc.org.pl\/dok\/wp-json\/wp\/v2\/comments?post=736"}],"version-history":[{"count":3,"href":"https:\/\/www.solidarnosc.org.pl\/dok\/wp-json\/wp\/v2\/posts\/736\/revisions"}],"predecessor-version":[{"id":761,"href":"https:\/\/www.solidarnosc.org.pl\/dok\/wp-json\/wp\/v2\/posts\/736\/revisions\/761"}],"wp:attachment":[{"href":"https:\/\/www.solidarnosc.org.pl\/dok\/wp-json\/wp\/v2\/media?parent=736"}],"wp:term":[{"taxonomy":"category","embeddable":true,"href":"https:\/\/www.solidarnosc.org.pl\/dok\/wp-json\/wp\/v2\/categories?post=736"},{"taxonomy":"post_tag","embeddable":true,"href":"https:\/\/www.solidarnosc.org.pl\/dok\/wp-json\/wp\/v2\/tags?post=736"}],"curies":[{"name":"wp","href":"https:\/\/api.w.org\/{rel}","templated":true}]}}