{"id":7345,"date":"2016-11-25T13:06:45","date_gmt":"2016-11-25T12:06:45","guid":{"rendered":"https:\/\/www.solidarnosc.org.pl\/dok\/?p=7345"},"modified":"2016-11-25T13:06:45","modified_gmt":"2016-11-25T12:06:45","slug":"uchwala-nr-6-xxviii-kzd-ws-zmian-w-statucie","status":"publish","type":"post","link":"https:\/\/www.solidarnosc.org.pl\/dok\/2016\/11\/25\/uchwala-nr-6-xxviii-kzd-ws-zmian-w-statucie\/","title":{"rendered":"UCHWA\u0141A NR 6 XXVIII KZD ws. zmian w Statucie"},"content":{"rendered":"<p>\n\tKrajowy Zjazd Delegat&oacute;w NSZZ &bdquo;Solidarno\u015b\u0107&rdquo;, dzia\u0142aj\u0105c na podstawie &sect; 60 ust. 3 Statutu NSZZ &bdquo;Solidarno\u015b\u0107&rdquo;, wprowadza nast\u0119puj\u0105ce zmiany w Statucie NSZZ &bdquo;Solidarno\u015b\u0107&rdquo;.<\/p>\n<p>\n\t1.&nbsp;&nbsp;&nbsp;&nbsp; W &sect; 9 ust\u0119p 3 otrzymuje brzmienie: &bdquo;Od uchwa\u0142y o odmowie przyj\u0119cia w poczet cz\u0142onk&oacute;w zainteresowanemu kandydatowi przys\u0142uguje prawo wniesienia odwo\u0142ania do w\u0142a\u015bciwego zarz\u0105du regionu w terminie nie d\u0142u\u017cszym ni\u017c 30 dni od dnia otrzymania na pi\u015bmie tej uchwa\u0142y wraz z uzasadnieniem.&rdquo;.<\/p>\n<p>\n\t2.&nbsp;&nbsp;&nbsp;&nbsp; W &sect; 9 ust\u0119p 4 otrzymuje brzmienie: &bdquo;W razie niepodj\u0119cia uchwa\u0142y przez komisj\u0119 zak\u0142adow\u0105 lub mi\u0119dzyzak\u0142adow\u0105 w terminie okre\u015blonym w ust. 1 pkt 2, kandydatowi na cz\u0142onka przys\u0142uguje prawo wniesienia odwo\u0142ania bezpo\u015brednio do zarz\u0105du regionu, w terminie nie d\u0142u\u017cszym ni\u017c 30 dni od dnia bezskutecznego up\u0142ywu tego terminu.&rdquo;.<\/p>\n<p>\n\t3.&nbsp;&nbsp;&nbsp;&nbsp; W &sect; 10 ust\u0119p 5 otrzymuje brzmienie: &bdquo;Zasady zachowania cz\u0142onkostwa okre\u015bla uchwa\u0142a Komisji Krajowej.&rdquo;.<\/p>\n<p>\n\t4.&nbsp;&nbsp;&nbsp;&nbsp; W &sect; 22 ust\u0119p 3 otrzymuje brzmienie: &bdquo;Zasady tworzenia i funkcjonowania region&oacute;w okre\u015bla uchwa\u0142a Krajowego Zjazdu Delegat&oacute;w&rdquo;.<\/p>\n<p>\n\t5.&nbsp;&nbsp;&nbsp;&nbsp; W &sect; 35 ust\u0119p 1 otrzymuje brzmienie: &bdquo;W\u0142adza wykonawcza i kontrolna jest wybierana przez odpowiedni\u0105 w\u0142adz\u0119 stanowi\u0105c\u0105, z zastrze\u017ceniem postanowie\u0144 ust. 2 pkt. 2, 3<br \/>\n\ti 4, ust. 3 pkt 2, ust. 4 pkt 2, ust. 5 pkt 2, ust. 6 pkt 2 oraz ust.7.&rdquo;.<\/p>\n<p>\n\t6.&nbsp;&nbsp;&nbsp;&nbsp; W &sect; 35 ust\u0119p 5 punkt 2 otrzymuje brzmienie: &bdquo;przewodnicz\u0105cy w\u0142adz wykonawczych ni\u017cszych jednostek organizacyjnych Zwi\u0105zku, wchodz\u0105cych w sk\u0142ad organizacji zak\u0142adowej lub mi\u0119dzyzak\u0142adowej, zgodnie z zasadami ustalonymi przez zak\u0142adowe lub mi\u0119dzyzak\u0142adowe zebranie cz\u0142onk&oacute;w lub delegat&oacute;w,&rdquo;.<\/p>\n<p>\n\t7.&nbsp;&nbsp;&nbsp;&nbsp; W &sect; 35 ust\u0119p 7 otrzymuje brzmienie: &bdquo;W sk\u0142ad w\u0142adzy wykonawczej organizacji mi\u0119dzyzak\u0142adowej, o kt&oacute;rej mowa w &sect; 19 ust. 5 wchodz\u0105 osoby wybrane, niekoniecznie spo\u015br&oacute;d jej cz\u0142onk&oacute;w na zasadach okre\u015blonych w uchwale Krajowego Zjazdu Delegat&oacute;w, przez w\u0142a\u015bciwy zarz\u0105d regionu. Na wniosek co najmniej 1\/5 cz\u0142onk&oacute;w danej organizacji, musz\u0105 by\u0107 przeprowadzone wybory w\u0142adz wykonawczych na og&oacute;lnie obowi\u0105zuj\u0105cych zasadach.&rdquo;.<\/p>\n<p>\n\t8.&nbsp;&nbsp;&nbsp;&nbsp; W &sect; 69 ust\u0119p 1 otrzymuje brzmienie: &bdquo;Zasady przyznawania cz\u0142onkom Zwi\u0105zku pomocy finansowej okre\u015bla Uchwa\u0142a finansowa Krajowego Zjazdu Delegat&oacute;w.&rdquo;.<\/p>\n<p>\n\t&nbsp;<\/p>\n<p><\/p>\n","protected":false},"excerpt":{"rendered":"<p>Krajowy Zjazd Delegat&oacute;w NSZZ &bdquo;Solidarno\u015b\u0107&rdquo;, dzia\u0142aj\u0105c na podstawie &sect; 60 ust. 3 Statutu NSZZ &bdquo;Solidarno\u015b\u0107&rdquo;, wprowadza nast\u0119puj\u0105ce zmiany w Statucie NSZZ &bdquo;Solidarno\u015b\u0107&rdquo;. 1.&nbsp;&nbsp;&nbsp;&nbsp; W &sect; 9 ust\u0119p 3 otrzymuje brzmienie: &bdquo;Od uchwa\u0142y o odmowie przyj\u0119cia w poczet cz\u0142onk&oacute;w zainteresowanemu kandydatowi przys\u0142uguje prawo wniesienia odwo\u0142ania do w\u0142a\u015bciwego zarz\u0105du regionu w terminie nie d\u0142u\u017cszym ni\u017c 30 dni [&hellip;]<\/p>\n","protected":false},"author":3,"featured_media":0,"comment_status":"closed","ping_status":"closed","sticky":false,"template":"","format":"standard","meta":{"footnotes":""},"categories":[79,16],"tags":[357,3140,2636,62,2638,3134],"class_list":["post-7345","post","type-post","status-publish","format-standard","hentry","category-28kzd","category-dokkzd","tag-357","tag-6-xxviii-kzd","tag-kzd","tag-uchwala","tag-uchwala-kzd","tag-xxviii-kzd"],"_links":{"self":[{"href":"https:\/\/www.solidarnosc.org.pl\/dok\/wp-json\/wp\/v2\/posts\/7345","targetHints":{"allow":["GET"]}}],"collection":[{"href":"https:\/\/www.solidarnosc.org.pl\/dok\/wp-json\/wp\/v2\/posts"}],"about":[{"href":"https:\/\/www.solidarnosc.org.pl\/dok\/wp-json\/wp\/v2\/types\/post"}],"author":[{"embeddable":true,"href":"https:\/\/www.solidarnosc.org.pl\/dok\/wp-json\/wp\/v2\/users\/3"}],"replies":[{"embeddable":true,"href":"https:\/\/www.solidarnosc.org.pl\/dok\/wp-json\/wp\/v2\/comments?post=7345"}],"version-history":[{"count":0,"href":"https:\/\/www.solidarnosc.org.pl\/dok\/wp-json\/wp\/v2\/posts\/7345\/revisions"}],"wp:attachment":[{"href":"https:\/\/www.solidarnosc.org.pl\/dok\/wp-json\/wp\/v2\/media?parent=7345"}],"wp:term":[{"taxonomy":"category","embeddable":true,"href":"https:\/\/www.solidarnosc.org.pl\/dok\/wp-json\/wp\/v2\/categories?post=7345"},{"taxonomy":"post_tag","embeddable":true,"href":"https:\/\/www.solidarnosc.org.pl\/dok\/wp-json\/wp\/v2\/tags?post=7345"}],"curies":[{"name":"wp","href":"https:\/\/api.w.org\/{rel}","templated":true}]}}