{"id":7332,"date":"2016-11-25T12:49:45","date_gmt":"2016-11-25T11:49:45","guid":{"rendered":"https:\/\/www.solidarnosc.org.pl\/dok\/?p=7332"},"modified":"2016-11-25T12:49:45","modified_gmt":"2016-11-25T11:49:45","slug":"stanowisko-nr-11-xxviii-kzd-ws-pracy-zmianowej","status":"publish","type":"post","link":"https:\/\/www.solidarnosc.org.pl\/dok\/2016\/11\/25\/stanowisko-nr-11-xxviii-kzd-ws-pracy-zmianowej\/","title":{"rendered":"STANOWISKO NR 11 XXVIII KZD ws.  pracy zmianowej"},"content":{"rendered":"<p style=\"text-align: justify\">\n\tKrajowy Zjazd Delegat&oacute;w NSZZ &bdquo;Solidarno\u015b\u0107&rdquo; zwraca si\u0119 do Komisji Krajowej NSZZ &bdquo;Solidarno\u015b\u0107&rdquo; o podj\u0119cie dzia\u0142a\u0144 maj\u0105cych na celu ograniczenie \u015bwiadczenia pracy w niedziele i \u015bwi\u0119ta w systemie pracy zmianowej, poprzez zmian\u0119 przepis&oacute;w art. 128 par. 2 pkt 1 i 151<sup>10<\/sup> pkt 3 Kodeksu Pracy.<\/p>\n<p><\/p>\n","protected":false},"excerpt":{"rendered":"<p>Krajowy Zjazd Delegat&oacute;w NSZZ &bdquo;Solidarno\u015b\u0107&rdquo; zwraca si\u0119 do Komisji Krajowej NSZZ &bdquo;Solidarno\u015b\u0107&rdquo; o podj\u0119cie dzia\u0142a\u0144 maj\u0105cych na celu ograniczenie \u015bwiadczenia pracy w niedziele i \u015bwi\u0119ta w systemie pracy zmianowej, poprzez zmian\u0119 przepis&oacute;w art. 128 par. 2 pkt 1 i 15110 pkt 3 Kodeksu Pracy.<\/p>\n","protected":false},"author":3,"featured_media":0,"comment_status":"closed","ping_status":"closed","sticky":false,"template":"","format":"standard","meta":{"footnotes":""},"categories":[79,16],"tags":[3145,357,2636,63,2661,3134],"class_list":["post-7332","post","type-post","status-publish","format-standard","hentry","category-28kzd","category-dokkzd","tag-11-xxviii-kzd","tag-357","tag-kzd","tag-stanowisko","tag-stanowisko-kzd","tag-xxviii-kzd"],"_links":{"self":[{"href":"https:\/\/www.solidarnosc.org.pl\/dok\/wp-json\/wp\/v2\/posts\/7332","targetHints":{"allow":["GET"]}}],"collection":[{"href":"https:\/\/www.solidarnosc.org.pl\/dok\/wp-json\/wp\/v2\/posts"}],"about":[{"href":"https:\/\/www.solidarnosc.org.pl\/dok\/wp-json\/wp\/v2\/types\/post"}],"author":[{"embeddable":true,"href":"https:\/\/www.solidarnosc.org.pl\/dok\/wp-json\/wp\/v2\/users\/3"}],"replies":[{"embeddable":true,"href":"https:\/\/www.solidarnosc.org.pl\/dok\/wp-json\/wp\/v2\/comments?post=7332"}],"version-history":[{"count":0,"href":"https:\/\/www.solidarnosc.org.pl\/dok\/wp-json\/wp\/v2\/posts\/7332\/revisions"}],"wp:attachment":[{"href":"https:\/\/www.solidarnosc.org.pl\/dok\/wp-json\/wp\/v2\/media?parent=7332"}],"wp:term":[{"taxonomy":"category","embeddable":true,"href":"https:\/\/www.solidarnosc.org.pl\/dok\/wp-json\/wp\/v2\/categories?post=7332"},{"taxonomy":"post_tag","embeddable":true,"href":"https:\/\/www.solidarnosc.org.pl\/dok\/wp-json\/wp\/v2\/tags?post=7332"}],"curies":[{"name":"wp","href":"https:\/\/api.w.org\/{rel}","templated":true}]}}