{"id":7328,"date":"2016-11-25T12:47:45","date_gmt":"2016-11-25T11:47:45","guid":{"rendered":"https:\/\/www.solidarnosc.org.pl\/dok\/?p=7328"},"modified":"2016-11-25T12:47:45","modified_gmt":"2016-11-25T11:47:45","slug":"stanowisko-nr-9-xxviii-kzd-ws-nowelizacji-dyrektywy-o-handlu-emisjami-ets","status":"publish","type":"post","link":"https:\/\/www.solidarnosc.org.pl\/dok\/2016\/11\/25\/stanowisko-nr-9-xxviii-kzd-ws-nowelizacji-dyrektywy-o-handlu-emisjami-ets\/","title":{"rendered":"STANOWISKO NR 9 XXVIII KZD ws. nowelizacji dyrektywy o handlu emisjami (ETS)"},"content":{"rendered":"<p style=\"text-align: justify\">\n\tKrajowy Zjazd Delegat&oacute;w NSZZ &bdquo;Solidarno\u015b\u0107&rdquo; stanowczo sprzeciwia si\u0119 aktualnie procedowanej wersji zmiany Dyrektywy 2003\/87\/EC o systemie handlu emisjami (ETS), kt&oacute;ry ma by\u0107 poddany pod g\u0142osowanie w Parlamencie Europejskim na pocz\u0105tku 2017 roku.&nbsp;<\/p>\n<p style=\"text-align: justify\">\n\tW ocenie KZD wdro\u017cenie proponowanych regulacji doprowadzi do likwidacji tysi\u0119cy miejsc pracy, w szczeg&oacute;lno\u015bci w energoch\u0142onnych bran\u017cach polskiego przemys\u0142u. B\u0119dzie si\u0119 to wi\u0105za\u0107 z drastycznym pogorszeniem sytuacji ekonomicznej przedsi\u0119biorstw energoch\u0142onnych i sektor&oacute;w z nimi kooperuj\u0105cych min.energetyki opartej na w\u0119glu, g&oacute;rnictwa w\u0119gla kamiennego i brunatnego oraz innych bran\u017c: przemys\u0142u cementowego, wapienniczego, hutnictwa, papiernictwa, przemys\u0142u szklarskiego, przemys\u0142u nawoz&oacute;w sztucznych.<\/p>\n<p style=\"text-align: justify\">\n\tWed\u0142ug szacunk&oacute;w bran\u017cy hutniczej w okresie 2017-2030 skumulowane skutki finansowe przystosowania tylko zak\u0142ad&oacute;w hutniczych do nowych regulacji uszczupl\u0105 polski bud\u017cet o kwot\u0119 ponad 46 mld z\u0142, a ponad 21 tys. pracownik&oacute;w zatrudnionych w sektorze hutniczym i stalowym oraz przedsi\u0119biorstwach kooperuj\u0105cych stanie przed widmem utraty pracy.&nbsp;<\/p>\n<p style=\"text-align: justify\">\n\t&nbsp;&nbsp;&nbsp;&nbsp;&nbsp;&nbsp;&nbsp;&nbsp;&nbsp;&nbsp;&nbsp; Nowelizacja dyrektywy o handlu emisjami jest jednym z element&oacute;w drugiego Pakietu Klimatyczno-Energetycznego, na kt&oacute;rego wdro\u017cenie Polska wyrazi\u0142a zgod\u0119 w zamian za uzyskane derogacje, czyli zapewnienie wprowadzenia mechanizm&oacute;w \u0142agodz\u0105cych skutki wdra\u017canych regulacji. Tymczasem aktualnie procedowany w Parlamencie Europejskim tekst nowelizacji dyrektywy nie uwzgl\u0119dnia zawartego porozumienia.&nbsp; W zwi\u0105zku z tym Krajowy Zjazd Delegat&oacute;w NSZZ &bdquo;Solidarno\u015b\u0107&rdquo; zwraca si\u0119 do Rz\u0105du RP o przedstawienie opinii publicznej oceny skutk&oacute;w spo\u0142eczno-gospodarczych wdro\u017cenia nowelizacji dyrektywy o handlu emisjami oraz niezw\u0142oczne podj\u0119cie adekwatnych i skutecznych dzia\u0142a\u0144 w celu zmiany procedowanego projektu w Parlamencie Europejskim.<\/p>\n<p style=\"text-align: justify\">\n\t&nbsp;&nbsp;&nbsp;&nbsp;&nbsp;&nbsp;&nbsp;&nbsp;&nbsp;&nbsp;&nbsp; Jednocze\u015bnie wzywamy Rz\u0105d RP, do sformu\u0142owania jak najszybciej jednolitej strategii Polski w zakresie unijnej polityki klimatycznej. Uprawianie biernej polityki w sytuacji, gdy wi\u0119kszo\u015b\u0107 decyzji w UE podejmowana jest w trybie procedury wi\u0119kszo\u015bciowej, z g&oacute;ry stawia Polsk\u0119 na straconej pozycji.<\/p>\n<p style=\"text-align: justify\">\n\tZdaniem KZD zwi\u0119kszenie skuteczno\u015bci dzia\u0142a\u0144 rz\u0105du powinno obejmowa\u0107 dokonanie przegl\u0105du pod wzgl\u0119dem formalno-prawnym, dotychczasowych akt&oacute;w prawnych oraz procedur decyzyjnych wdro\u017conych przez KE w zakresie polityki klimatycznej. W przypadku stwierdzenia w\u0105tpliwo\u015bci prawnych, co do legalno\u015bci niekt&oacute;rych z decyzji, Rz\u0105d RP powinien wyst\u0105pi\u0107 z formalnym wnioskiem do Europejskiego Trybuna\u0142u Sprawiedliwo\u015bci o ustalenie, czy s\u0105 one prawnie wi\u0105\u017c\u0105ce.<\/p>\n<p style=\"text-align: justify\">\n\tDalsza bierna polityka w tej kwestii, prowadz\u0105ca do utraty konkurencyjno\u015bci przez zak\u0142ady przemys\u0142owe w Polsce, dekarbonizacji gospodarki, uniemo\u017cliwi realizacj\u0119 ambitnych plan&oacute;w repolonizacji i odbudowy przemys\u0142u w naszym kraju oraz zwi\u0119kszenia dynamiki wzrostu PKB, stawiaj\u0105c Polsk\u0119 w jeszcze trudniejszym po\u0142o\u017ceniu ni\u017c obecna tzw. &bdquo;pu\u0142apka \u015bredniego rozwoju&rdquo;.<\/p>\n<p>\n\t&nbsp;<\/p>\n<p>\n\t&nbsp;<\/p>\n<p><\/p>\n","protected":false},"excerpt":{"rendered":"<p>Krajowy Zjazd Delegat&oacute;w NSZZ &bdquo;Solidarno\u015b\u0107&rdquo; stanowczo sprzeciwia si\u0119 aktualnie procedowanej wersji zmiany Dyrektywy 2003\/87\/EC o systemie handlu emisjami (ETS), kt&oacute;ry ma by\u0107 poddany pod g\u0142osowanie w Parlamencie Europejskim na pocz\u0105tku 2017 roku.&nbsp; W ocenie KZD wdro\u017cenie proponowanych regulacji doprowadzi do likwidacji tysi\u0119cy miejsc pracy, w szczeg&oacute;lno\u015bci w energoch\u0142onnych bran\u017cach polskiego przemys\u0142u. B\u0119dzie si\u0119 to wi\u0105za\u0107 [&hellip;]<\/p>\n","protected":false},"author":3,"featured_media":0,"comment_status":"closed","ping_status":"closed","sticky":false,"template":"","format":"standard","meta":{"footnotes":""},"categories":[79,16],"tags":[357,3143,2636,63,2661,3134],"class_list":["post-7328","post","type-post","status-publish","format-standard","hentry","category-28kzd","category-dokkzd","tag-357","tag-9-xxviii-kzd","tag-kzd","tag-stanowisko","tag-stanowisko-kzd","tag-xxviii-kzd"],"_links":{"self":[{"href":"https:\/\/www.solidarnosc.org.pl\/dok\/wp-json\/wp\/v2\/posts\/7328","targetHints":{"allow":["GET"]}}],"collection":[{"href":"https:\/\/www.solidarnosc.org.pl\/dok\/wp-json\/wp\/v2\/posts"}],"about":[{"href":"https:\/\/www.solidarnosc.org.pl\/dok\/wp-json\/wp\/v2\/types\/post"}],"author":[{"embeddable":true,"href":"https:\/\/www.solidarnosc.org.pl\/dok\/wp-json\/wp\/v2\/users\/3"}],"replies":[{"embeddable":true,"href":"https:\/\/www.solidarnosc.org.pl\/dok\/wp-json\/wp\/v2\/comments?post=7328"}],"version-history":[{"count":0,"href":"https:\/\/www.solidarnosc.org.pl\/dok\/wp-json\/wp\/v2\/posts\/7328\/revisions"}],"wp:attachment":[{"href":"https:\/\/www.solidarnosc.org.pl\/dok\/wp-json\/wp\/v2\/media?parent=7328"}],"wp:term":[{"taxonomy":"category","embeddable":true,"href":"https:\/\/www.solidarnosc.org.pl\/dok\/wp-json\/wp\/v2\/categories?post=7328"},{"taxonomy":"post_tag","embeddable":true,"href":"https:\/\/www.solidarnosc.org.pl\/dok\/wp-json\/wp\/v2\/tags?post=7328"}],"curies":[{"name":"wp","href":"https:\/\/api.w.org\/{rel}","templated":true}]}}