{"id":7316,"date":"2016-11-25T12:39:45","date_gmt":"2016-11-25T11:39:45","guid":{"rendered":"https:\/\/www.solidarnosc.org.pl\/dok\/?p=7316"},"modified":"2016-11-25T12:39:45","modified_gmt":"2016-11-25T11:39:45","slug":"stanowisko-nr-3-xxviii-kzd-ws-polskiego-gornictwa-wegla-kamiennego","status":"publish","type":"post","link":"https:\/\/www.solidarnosc.org.pl\/dok\/2016\/11\/25\/stanowisko-nr-3-xxviii-kzd-ws-polskiego-gornictwa-wegla-kamiennego\/","title":{"rendered":"STANOWISKO NR 3 XXVIII KZD ws. polskiego g\u00f3rnictwa w\u0119gla kamiennego"},"content":{"rendered":"<p style=\"text-align: justify\">\n\tKrajowy Zjazd Delegat&oacute;w NSZZ &bdquo;Solidarno\u015b\u0107&rdquo; domaga si\u0119 od Rz\u0105du RP pilnego wprowadzenia rozwi\u0105za\u0144 umo\u017cliwiaj\u0105cych rozw&oacute;j polskiego g&oacute;rnictwa w\u0119gla kamiennego poprzez:<\/p>\n<p style=\"margin-left: 21.3pt;text-align: justify\">\n\t1.&nbsp;&nbsp; Natychmiastowe wprowadzenie mechanizm&oacute;w przeciwdzia\u0142aj\u0105cych nadmiernemu importowi w\u0119gla spoza Unii Europejskiej, w szczeg&oacute;lno\u015bci z Federacji Rosyjskiej.<\/p>\n<p style=\"margin-left: 21.3pt;text-align: justify\">\n\t2.&nbsp;&nbsp; Opracowanie d\u0142ugoterminowej strategii funkcjonowania i rozwoju ca\u0142ego sektora paliwowo-energetycznego zapewniaj\u0105cej niezale\u017cno\u015b\u0107 i bezpiecze\u0144stwo energetyczne kraju w oparciu o w\u0119giel. Strategia ta powinna by\u0107 zbie\u017cna z programem zintegrowanego rozwoju dla wojew&oacute;dztwa \u015bl\u0105skiego.<\/p>\n<p style=\"margin-left: 21.3pt;text-align: justify\">\n\t3.&nbsp;&nbsp; Czasowe obni\u017cenie wysoko\u015bci, b\u0105d\u017a zawieszenie cz\u0119\u015bci obci\u0105\u017ce\u0144 publiczno-prawnych sp&oacute;\u0142ek dotkni\u0119tych kryzysem oraz zmian\u0119 systemu tych obci\u0105\u017ce\u0144 dla polskiego g&oacute;rnictwa, uwzgl\u0119dniaj\u0105c\u0105 szczeg&oacute;ln\u0105 rol\u0119 sektora dla bezpiecze\u0144stwa energetycznego kraju.<\/p>\n<p style=\"margin-left: 21.3pt;text-align: justify\">\n\t4.&nbsp;&nbsp; Renegocjacj\u0119, celem zawieszenia przepis&oacute;w zwi\u0105zanych z wdra\u017caniem unijnej polityki klimatycznej, a tak\u017ce wprowadzenie w\u0142asnej polityki klimatycznej uwzgl\u0119dniaj\u0105cej polskie uwarunkowania spo\u0142eczno-gospodarcze i bezpiecze\u0144stwo energetyczne kraju.<\/p>\n<p style=\"margin-left: 21.3pt;text-align: justify\">\n\t5.&nbsp;&nbsp; Wykorzystywanie \u015brodk&oacute;w unijnych do prac zwi\u0105zanych z wprowadzeniem innowacyjnych rozwi\u0105za\u0144 wykorzystuj\u0105cych w\u0119giel kamienny. Promocj\u0119 i rozw&oacute;j tzw. &bdquo;czystych technologii w\u0119glowych&rdquo; (poza technologi\u0105 CCS) oraz produkcji paliw p\u0142ynnych i &bdquo;zgazowywania&rdquo; w\u0119gla (po jego wydobyciu na powierzchni\u0119).<\/p>\n<p style=\"margin-left: 21.3pt;text-align: justify\">\n\t6.&nbsp;&nbsp; Dokonanie redefinicji poj\u0119cia bezpiecze\u0144stwa energetycznego, uwzgl\u0119dniaj\u0105cego w\u0119giel, jako podstawowy no\u015bnik energii oraz przeciwdzia\u0142aj\u0105cego nowym zagro\u017ceniom zwi\u0105zanym z wdra\u017caniem unijnej polityki klimatycznej.<\/p>\n<p style=\"margin-left: 21.3pt;text-align: justify\">\n\t7.&nbsp;&nbsp; Okre\u015blenie potrzeb rodzimej gospodarki w zakresie zu\u017cycia w\u0119gla kamiennego oraz wprowadzenie rozwi\u0105za\u0144 zabezpieczaj\u0105cych niezagospodarowane i niesczerpane zasoby w\u0119gla kamiennego. Jednoznaczne okre\u015bleniestrategicznego znaczenia polskiego w\u0119gla dla gospodarki narodowej.<\/p>\n<p style=\"margin-left: 21.3pt;text-align: justify\">\n\t8.&nbsp;&nbsp; Podj\u0119cie dzia\u0142a\u0144 zmierzaj\u0105cych do wzrostu eksportu w\u0119gla wewn\u0105trz Unii Europejskiej<br \/>\n\ti poza ni\u0105.<\/p>\n<p style=\"margin-left: 21.3pt;text-align: justify\">\n\t9.&nbsp;&nbsp; Uruchomienie budowy nowych elektrowni w\u0119glowych w celu zapobie\u017cenia ewentualnym brakom energii spowodowanym wdro\u017ceniem dyrektywy IED. Promocj\u0119 budowy ma\u0142ych elektrociep\u0142owni na w\u0119giel kamienny (b\u0105d\u017a inne paliwo pochodz\u0105ce z chemicznej przer&oacute;bki w\u0119gla), produkuj\u0105cych w kogeneracji energi\u0119 elektryczn\u0105 i ciepln\u0105.<\/p>\n<p style=\"margin-left: 21.3pt;text-align: justify\">\n\t10.&nbsp;&nbsp;&nbsp; Popraw\u0119 parametr&oacute;w jako\u015bciowych oferowanego w\u0119gla. Zwi\u0119kszenie poziomu wzbogacania mia\u0142&oacute;w.<\/p>\n<p style=\"margin-left: 21.3pt;text-align: justify\">\n\t11.&nbsp;&nbsp;&nbsp; Promocj\u0119 POLSKIEGO W\u0118GLA. Wi\u0119ksz\u0105 aktywno\u015b\u0107 producent&oacute;w i dystrybutor&oacute;w w\u0119gla w tym zakresie. Wykorzystanie polskich instytucji celem zwi\u0119kszenia udzia\u0142u w\u0119gla krajowego w sprzeda\u017cy do sektora socjalno-bytowego i ciep\u0142owniczego.<\/p>\n<p style=\"margin-left: 21.3pt;text-align: justify\">\n\t12.&nbsp;&nbsp;&nbsp; Uporz\u0105dkowanie procesu udzielania koncesji na wydobywanie i rozpoznawanie z\u0142&oacute;\u017c w\u0119gla kamiennego oraz przyspieszenie procesu wyd\u0142u\u017cania koncesji dla sp&oacute;\u0142ek ju\u017c wydobywaj\u0105cych w\u0119giel kamienny i inne kopaliny.<\/p>\n<p style=\"margin-left:21.3pt\">\n\t&nbsp;<\/p>\n<p><\/p>\n","protected":false},"excerpt":{"rendered":"<p>Krajowy Zjazd Delegat&oacute;w NSZZ &bdquo;Solidarno\u015b\u0107&rdquo; domaga si\u0119 od Rz\u0105du RP pilnego wprowadzenia rozwi\u0105za\u0144 umo\u017cliwiaj\u0105cych rozw&oacute;j polskiego g&oacute;rnictwa w\u0119gla kamiennego poprzez: 1.&nbsp;&nbsp; Natychmiastowe wprowadzenie mechanizm&oacute;w przeciwdzia\u0142aj\u0105cych nadmiernemu importowi w\u0119gla spoza Unii Europejskiej, w szczeg&oacute;lno\u015bci z Federacji Rosyjskiej. 2.&nbsp;&nbsp; Opracowanie d\u0142ugoterminowej strategii funkcjonowania i rozwoju ca\u0142ego sektora paliwowo-energetycznego zapewniaj\u0105cej niezale\u017cno\u015b\u0107 i bezpiecze\u0144stwo energetyczne kraju w oparciu o [&hellip;]<\/p>\n","protected":false},"author":3,"featured_media":0,"comment_status":"closed","ping_status":"closed","sticky":false,"template":"","format":"standard","meta":{"footnotes":""},"categories":[79,16],"tags":[357,3137,2636,63,2661,3134],"class_list":["post-7316","post","type-post","status-publish","format-standard","hentry","category-28kzd","category-dokkzd","tag-357","tag-3-xxviii-kzd","tag-kzd","tag-stanowisko","tag-stanowisko-kzd","tag-xxviii-kzd"],"_links":{"self":[{"href":"https:\/\/www.solidarnosc.org.pl\/dok\/wp-json\/wp\/v2\/posts\/7316","targetHints":{"allow":["GET"]}}],"collection":[{"href":"https:\/\/www.solidarnosc.org.pl\/dok\/wp-json\/wp\/v2\/posts"}],"about":[{"href":"https:\/\/www.solidarnosc.org.pl\/dok\/wp-json\/wp\/v2\/types\/post"}],"author":[{"embeddable":true,"href":"https:\/\/www.solidarnosc.org.pl\/dok\/wp-json\/wp\/v2\/users\/3"}],"replies":[{"embeddable":true,"href":"https:\/\/www.solidarnosc.org.pl\/dok\/wp-json\/wp\/v2\/comments?post=7316"}],"version-history":[{"count":0,"href":"https:\/\/www.solidarnosc.org.pl\/dok\/wp-json\/wp\/v2\/posts\/7316\/revisions"}],"wp:attachment":[{"href":"https:\/\/www.solidarnosc.org.pl\/dok\/wp-json\/wp\/v2\/media?parent=7316"}],"wp:term":[{"taxonomy":"category","embeddable":true,"href":"https:\/\/www.solidarnosc.org.pl\/dok\/wp-json\/wp\/v2\/categories?post=7316"},{"taxonomy":"post_tag","embeddable":true,"href":"https:\/\/www.solidarnosc.org.pl\/dok\/wp-json\/wp\/v2\/tags?post=7316"}],"curies":[{"name":"wp","href":"https:\/\/api.w.org\/{rel}","templated":true}]}}