{"id":7314,"date":"2016-11-25T12:38:45","date_gmt":"2016-11-25T11:38:45","guid":{"rendered":"https:\/\/www.solidarnosc.org.pl\/dok\/?p=7314"},"modified":"2016-11-25T12:38:45","modified_gmt":"2016-11-25T11:38:45","slug":"stanowisko-nr-2-xxviii-kzd-ws-reformy-oswiatowej","status":"publish","type":"post","link":"https:\/\/www.solidarnosc.org.pl\/dok\/2016\/11\/25\/stanowisko-nr-2-xxviii-kzd-ws-reformy-oswiatowej\/","title":{"rendered":"STANOWISKO NR 2 XXVIII KZD ws. reformy o\u015bwiatowej"},"content":{"rendered":"<p style=\"text-align: justify\">\n\tKrajowy Zjazd Delegat&oacute;w NSZZ &bdquo;Solidarno\u015b\u0107&rdquo; wyra\u017ca zaniepokojenie brakiem post\u0119p&oacute;w w negocjacjach pomi\u0119dzy Zwi\u0105zkiem a Rz\u0105dem Rzeczypospolitej w sprawie dzia\u0142a\u0144 os\u0142onowych dla zagro\u017conych zwolnieniami pracownik&oacute;w o\u015bwiaty. Zaproponowane rozwi\u0105zania prawne s\u0105 niewystarczaj\u0105ce. Podstawowym zadaniem naszego Zwi\u0105zku jest obrona miejsc pracy.<\/p>\n<p style=\"text-align: justify\">\n\tBrak zadowalaj\u0105cych efekt&oacute;w negocjacji spowoduje uzasadniony protest NSZZ &bdquo;Solidarno\u015b\u0107&rdquo;.<\/p>\n<p><\/p>\n","protected":false},"excerpt":{"rendered":"<p>Krajowy Zjazd Delegat&oacute;w NSZZ &bdquo;Solidarno\u015b\u0107&rdquo; wyra\u017ca zaniepokojenie brakiem post\u0119p&oacute;w w negocjacjach pomi\u0119dzy Zwi\u0105zkiem a Rz\u0105dem Rzeczypospolitej w sprawie dzia\u0142a\u0144 os\u0142onowych dla zagro\u017conych zwolnieniami pracownik&oacute;w o\u015bwiaty. Zaproponowane rozwi\u0105zania prawne s\u0105 niewystarczaj\u0105ce. Podstawowym zadaniem naszego Zwi\u0105zku jest obrona miejsc pracy. Brak zadowalaj\u0105cych efekt&oacute;w negocjacji spowoduje uzasadniony protest NSZZ &bdquo;Solidarno\u015b\u0107&rdquo;.<\/p>\n","protected":false},"author":3,"featured_media":0,"comment_status":"closed","ping_status":"closed","sticky":false,"template":"","format":"standard","meta":{"footnotes":""},"categories":[79,16],"tags":[3136,357,2636,63,2661,3134],"class_list":["post-7314","post","type-post","status-publish","format-standard","hentry","category-28kzd","category-dokkzd","tag-2-xxviii-kzd","tag-357","tag-kzd","tag-stanowisko","tag-stanowisko-kzd","tag-xxviii-kzd"],"_links":{"self":[{"href":"https:\/\/www.solidarnosc.org.pl\/dok\/wp-json\/wp\/v2\/posts\/7314","targetHints":{"allow":["GET"]}}],"collection":[{"href":"https:\/\/www.solidarnosc.org.pl\/dok\/wp-json\/wp\/v2\/posts"}],"about":[{"href":"https:\/\/www.solidarnosc.org.pl\/dok\/wp-json\/wp\/v2\/types\/post"}],"author":[{"embeddable":true,"href":"https:\/\/www.solidarnosc.org.pl\/dok\/wp-json\/wp\/v2\/users\/3"}],"replies":[{"embeddable":true,"href":"https:\/\/www.solidarnosc.org.pl\/dok\/wp-json\/wp\/v2\/comments?post=7314"}],"version-history":[{"count":0,"href":"https:\/\/www.solidarnosc.org.pl\/dok\/wp-json\/wp\/v2\/posts\/7314\/revisions"}],"wp:attachment":[{"href":"https:\/\/www.solidarnosc.org.pl\/dok\/wp-json\/wp\/v2\/media?parent=7314"}],"wp:term":[{"taxonomy":"category","embeddable":true,"href":"https:\/\/www.solidarnosc.org.pl\/dok\/wp-json\/wp\/v2\/categories?post=7314"},{"taxonomy":"post_tag","embeddable":true,"href":"https:\/\/www.solidarnosc.org.pl\/dok\/wp-json\/wp\/v2\/tags?post=7314"}],"curies":[{"name":"wp","href":"https:\/\/api.w.org\/{rel}","templated":true}]}}