{"id":7312,"date":"2016-11-25T12:37:45","date_gmt":"2016-11-25T11:37:45","guid":{"rendered":"https:\/\/www.solidarnosc.org.pl\/dok\/?p=7312"},"modified":"2016-11-25T12:37:45","modified_gmt":"2016-11-25T11:37:45","slug":"stanowisko-nr-1-xxviii-kzd-ws-wielkosci-odpisu-na-zakladowe-fundusze-swiadczen-socjalnych-w-2017-roku","status":"publish","type":"post","link":"https:\/\/www.solidarnosc.org.pl\/dok\/2016\/11\/25\/stanowisko-nr-1-xxviii-kzd-ws-wielkosci-odpisu-na-zakladowe-fundusze-swiadczen-socjalnych-w-2017-roku\/","title":{"rendered":"STANOWISKO NR 1 XXVIII KZD ws. wielko\u015bci odpisu na zak\u0142adowe fundusze \u015bwiadcze\u0144 socjalnych w 2017 roku"},"content":{"rendered":"<p style=\"text-align: justify\">\n\t&nbsp;Propozycje ustaw oko\u0142obud\u017cetowych na 2017 rok zak\u0142adaj\u0105 dalsze &bdquo;zamro\u017cenie&rdquo; funduszu \u015bwiadcze\u0144 socjalnych na poziomie 2016 roku oraz utrzymanie na poziomie z roku 2010 podstawy naliczania wysoko\u015bci odpisu na zak\u0142adowy fundusz \u015bwiadcze\u0144 socjalnych.<\/p>\n<p style=\"text-align: justify\">\n\t&nbsp;&nbsp;&nbsp;&nbsp;&nbsp;&nbsp;&nbsp;&nbsp;&nbsp;&nbsp;&nbsp; W zwi\u0105zku z ww. restrykcyjnymi za\u0142o\u017ceniami bud\u017cetowymi delegaci KZD wyra\u017caj\u0105 stanowczy protest wobec takich decyzji.<\/p>\n<p style=\"text-align: justify\">\n\t&nbsp;&nbsp;&nbsp;&nbsp;&nbsp;&nbsp;&nbsp;&nbsp;&nbsp;&nbsp;&nbsp; Przywo\u0142uj\u0105c sk\u0142adane wcze\u015bniej deklaracje obecnego rz\u0105du i wi\u0119kszo\u015bci parlamentarnej dotycz\u0105cej nowego otwarcia &ndash; zmiany w prowadzeniu polityki i naprawiania z\u0142a dokonanego przez wcze\u015bniejsz\u0105 koalicj\u0119 PO &ndash; PSL, kt&oacute;ra swoj\u0105 polityk\u0105 nadmiernego fiskalizmu doprowadzi\u0142a do obni\u017cenia poziomu pracowniczych zabezpiecze\u0144 socjalnych, domagamy si\u0119 &bdquo;odmro\u017cenia&rdquo; bazy odpisu na zak\u0142adowy fundusz \u015bwiadcze\u0144 socjalnych na 2017 rok i kolejne lata zgodnie z zapisami ustawy.<\/p>\n<p>\n\t&nbsp;<\/p>\n<p>\n\t&nbsp;<\/p>\n<p><\/p>\n","protected":false},"excerpt":{"rendered":"<p>&nbsp;Propozycje ustaw oko\u0142obud\u017cetowych na 2017 rok zak\u0142adaj\u0105 dalsze &bdquo;zamro\u017cenie&rdquo; funduszu \u015bwiadcze\u0144 socjalnych na poziomie 2016 roku oraz utrzymanie na poziomie z roku 2010 podstawy naliczania wysoko\u015bci odpisu na zak\u0142adowy fundusz \u015bwiadcze\u0144 socjalnych. &nbsp;&nbsp;&nbsp;&nbsp;&nbsp;&nbsp;&nbsp;&nbsp;&nbsp;&nbsp;&nbsp; W zwi\u0105zku z ww. restrykcyjnymi za\u0142o\u017ceniami bud\u017cetowymi delegaci KZD wyra\u017caj\u0105 stanowczy protest wobec takich decyzji. &nbsp;&nbsp;&nbsp;&nbsp;&nbsp;&nbsp;&nbsp;&nbsp;&nbsp;&nbsp;&nbsp; Przywo\u0142uj\u0105c sk\u0142adane wcze\u015bniej deklaracje obecnego rz\u0105du [&hellip;]<\/p>\n","protected":false},"author":3,"featured_media":0,"comment_status":"closed","ping_status":"closed","sticky":false,"template":"","format":"standard","meta":{"footnotes":""},"categories":[79,16],"tags":[3135,357,2636,63,2661,3134],"class_list":["post-7312","post","type-post","status-publish","format-standard","hentry","category-28kzd","category-dokkzd","tag-1-xxviii-kzd","tag-357","tag-kzd","tag-stanowisko","tag-stanowisko-kzd","tag-xxviii-kzd"],"_links":{"self":[{"href":"https:\/\/www.solidarnosc.org.pl\/dok\/wp-json\/wp\/v2\/posts\/7312","targetHints":{"allow":["GET"]}}],"collection":[{"href":"https:\/\/www.solidarnosc.org.pl\/dok\/wp-json\/wp\/v2\/posts"}],"about":[{"href":"https:\/\/www.solidarnosc.org.pl\/dok\/wp-json\/wp\/v2\/types\/post"}],"author":[{"embeddable":true,"href":"https:\/\/www.solidarnosc.org.pl\/dok\/wp-json\/wp\/v2\/users\/3"}],"replies":[{"embeddable":true,"href":"https:\/\/www.solidarnosc.org.pl\/dok\/wp-json\/wp\/v2\/comments?post=7312"}],"version-history":[{"count":0,"href":"https:\/\/www.solidarnosc.org.pl\/dok\/wp-json\/wp\/v2\/posts\/7312\/revisions"}],"wp:attachment":[{"href":"https:\/\/www.solidarnosc.org.pl\/dok\/wp-json\/wp\/v2\/media?parent=7312"}],"wp:term":[{"taxonomy":"category","embeddable":true,"href":"https:\/\/www.solidarnosc.org.pl\/dok\/wp-json\/wp\/v2\/categories?post=7312"},{"taxonomy":"post_tag","embeddable":true,"href":"https:\/\/www.solidarnosc.org.pl\/dok\/wp-json\/wp\/v2\/tags?post=7312"}],"curies":[{"name":"wp","href":"https:\/\/api.w.org\/{rel}","templated":true}]}}