{"id":7310,"date":"2016-11-24T11:53:01","date_gmt":"2016-11-24T10:53:01","guid":{"rendered":"https:\/\/www.solidarnosc.org.pl\/dok\/?p=7310"},"modified":"2016-11-24T11:53:01","modified_gmt":"2016-11-24T10:53:01","slug":"podziekowanie-za-sluzbe-przy-grobie-bl-ks-jerzego-popieluszki-dla-ksp","status":"publish","type":"post","link":"https:\/\/www.solidarnosc.org.pl\/dok\/2016\/11\/24\/podziekowanie-za-sluzbe-przy-grobie-bl-ks-jerzego-popieluszki-dla-ksp\/","title":{"rendered":"PODZI\u0118KOWANIE za s\u0142u\u017cb\u0119 przy grobie B\u0142. Ks. Jerzego Popie\u0142uszki dla KSP"},"content":{"rendered":"<pre>\r\n<\/pre>\n<div style=\"text-align: justify\">\n\tDelegaci XXVIII Krajowego Zjazdu Delegat&oacute;w sk\u0142adaj\u0105 podzi\u0119kowanie wszystkim cz\u0142onkom i sympatykom naszego Zwi\u0105zku, kt&oacute;rzy od 1984 roku pe\u0142ni\u0105 s\u0142u\u017cb\u0119 przy grobie &nbsp;B\u0142. Ks Jerzego Popie\u0142uszki, Patrona Solidarno\u015bci. Doceniamy Wasz trud. Szczeg&oacute;lne podzi\u0119kowanie kierujemy do tych, kt&oacute;rzy podj\u0119li ten wysi\u0142ek i kontynuuj\u0105 rozpocz\u0119t\u0105 32 lat temu s\u0142u\u017cb\u0119. Wielu z Was na s\u0142u\u017cb\u0119 przy grobie naszego Patrona przyje\u017cd\u017ca systematycznie co miesi\u0105c.&nbsp;<\/div>\n<div style=\"text-align: justify\">\n\tB&oacute;g zap\u0142a\u0107 za Wasz trud, postaw\u0119 i zaanga\u017cowanie.<\/div>\n<div>\n\t&nbsp;<\/div>\n<p><\/p>\n","protected":false},"excerpt":{"rendered":"<p>Delegaci XXVIII Krajowego Zjazdu Delegat&oacute;w sk\u0142adaj\u0105 podzi\u0119kowanie wszystkim cz\u0142onkom i sympatykom naszego Zwi\u0105zku, kt&oacute;rzy od 1984 roku pe\u0142ni\u0105 s\u0142u\u017cb\u0119 przy grobie &nbsp;B\u0142. Ks Jerzego Popie\u0142uszki, Patrona Solidarno\u015bci. Doceniamy Wasz trud. Szczeg&oacute;lne podzi\u0119kowanie kierujemy do tych, kt&oacute;rzy podj\u0119li ten wysi\u0142ek i kontynuuj\u0105 rozpocz\u0119t\u0105 32 lat temu s\u0142u\u017cb\u0119. Wielu z Was na s\u0142u\u017cb\u0119 przy grobie naszego Patrona [&hellip;]<\/p>\n","protected":false},"author":3,"featured_media":0,"comment_status":"closed","ping_status":"closed","sticky":false,"template":"","format":"standard","meta":{"footnotes":""},"categories":[79,16],"tags":[357,2636,69,2970],"class_list":["post-7310","post","type-post","status-publish","format-standard","hentry","category-28kzd","category-dokkzd","tag-357","tag-kzd","tag-podziekowanie","tag-podziekowanie-kzd"],"_links":{"self":[{"href":"https:\/\/www.solidarnosc.org.pl\/dok\/wp-json\/wp\/v2\/posts\/7310","targetHints":{"allow":["GET"]}}],"collection":[{"href":"https:\/\/www.solidarnosc.org.pl\/dok\/wp-json\/wp\/v2\/posts"}],"about":[{"href":"https:\/\/www.solidarnosc.org.pl\/dok\/wp-json\/wp\/v2\/types\/post"}],"author":[{"embeddable":true,"href":"https:\/\/www.solidarnosc.org.pl\/dok\/wp-json\/wp\/v2\/users\/3"}],"replies":[{"embeddable":true,"href":"https:\/\/www.solidarnosc.org.pl\/dok\/wp-json\/wp\/v2\/comments?post=7310"}],"version-history":[{"count":0,"href":"https:\/\/www.solidarnosc.org.pl\/dok\/wp-json\/wp\/v2\/posts\/7310\/revisions"}],"wp:attachment":[{"href":"https:\/\/www.solidarnosc.org.pl\/dok\/wp-json\/wp\/v2\/media?parent=7310"}],"wp:term":[{"taxonomy":"category","embeddable":true,"href":"https:\/\/www.solidarnosc.org.pl\/dok\/wp-json\/wp\/v2\/categories?post=7310"},{"taxonomy":"post_tag","embeddable":true,"href":"https:\/\/www.solidarnosc.org.pl\/dok\/wp-json\/wp\/v2\/tags?post=7310"}],"curies":[{"name":"wp","href":"https:\/\/api.w.org\/{rel}","templated":true}]}}