{"id":7296,"date":"2016-10-27T21:44:05","date_gmt":"2016-10-27T19:44:05","guid":{"rendered":"https:\/\/www.solidarnosc.org.pl\/dok\/?p=7296"},"modified":"2016-10-27T21:44:05","modified_gmt":"2016-10-27T19:44:05","slug":"decyzja-prezydium-nr-161-16-ws-zmian-w-statucie-fundacji-gospodarczej","status":"publish","type":"post","link":"https:\/\/www.solidarnosc.org.pl\/dok\/2016\/10\/27\/decyzja-prezydium-nr-161-16-ws-zmian-w-statucie-fundacji-gospodarczej\/","title":{"rendered":"Decyzja Prezydium nr 161\/16 ws. zmian w Statucie Fundacji Gospodarczej"},"content":{"rendered":"<p>\n\t(do u\u017cytku s\u0142u\u017cbowego)<\/p>\n<p><\/p>\n","protected":false},"excerpt":{"rendered":"<p>(do u\u017cytku s\u0142u\u017cbowego)<\/p>\n","protected":false},"author":3,"featured_media":0,"comment_status":"closed","ping_status":"closed","sticky":false,"template":"","format":"standard","meta":{"footnotes":""},"categories":[77,9],"tags":[1679,357,61,536,534],"class_list":["post-7296","post","type-post","status-publish","format-standard","hentry","category-2016prezydium","category-dokprez","tag-161-16","tag-357","tag-decyzja","tag-decyzja-prezydium","tag-prezydium"],"_links":{"self":[{"href":"https:\/\/www.solidarnosc.org.pl\/dok\/wp-json\/wp\/v2\/posts\/7296","targetHints":{"allow":["GET"]}}],"collection":[{"href":"https:\/\/www.solidarnosc.org.pl\/dok\/wp-json\/wp\/v2\/posts"}],"about":[{"href":"https:\/\/www.solidarnosc.org.pl\/dok\/wp-json\/wp\/v2\/types\/post"}],"author":[{"embeddable":true,"href":"https:\/\/www.solidarnosc.org.pl\/dok\/wp-json\/wp\/v2\/users\/3"}],"replies":[{"embeddable":true,"href":"https:\/\/www.solidarnosc.org.pl\/dok\/wp-json\/wp\/v2\/comments?post=7296"}],"version-history":[{"count":0,"href":"https:\/\/www.solidarnosc.org.pl\/dok\/wp-json\/wp\/v2\/posts\/7296\/revisions"}],"wp:attachment":[{"href":"https:\/\/www.solidarnosc.org.pl\/dok\/wp-json\/wp\/v2\/media?parent=7296"}],"wp:term":[{"taxonomy":"category","embeddable":true,"href":"https:\/\/www.solidarnosc.org.pl\/dok\/wp-json\/wp\/v2\/categories?post=7296"},{"taxonomy":"post_tag","embeddable":true,"href":"https:\/\/www.solidarnosc.org.pl\/dok\/wp-json\/wp\/v2\/tags?post=7296"}],"curies":[{"name":"wp","href":"https:\/\/api.w.org\/{rel}","templated":true}]}}