{"id":7189,"date":"2016-07-20T11:59:57","date_gmt":"2016-07-20T09:59:57","guid":{"rendered":"https:\/\/www.solidarnosc.org.pl\/dok\/?p=7189"},"modified":"2016-07-20T11:59:57","modified_gmt":"2016-07-20T09:59:57","slug":"stanowisko-prezydium-kk-nr-3-16-ws-poselskiego-projekty-ustawy-o-zmianie-ustawy-o-wynagrodzeniu-osob-zajmujacych-kierownicze-stanowiska-panstwowe-oraz-o-zmianie-niektorych-innych-ustaw","status":"publish","type":"post","link":"https:\/\/www.solidarnosc.org.pl\/dok\/2016\/07\/20\/stanowisko-prezydium-kk-nr-3-16-ws-poselskiego-projekty-ustawy-o-zmianie-ustawy-o-wynagrodzeniu-osob-zajmujacych-kierownicze-stanowiska-panstwowe-oraz-o-zmianie-niektorych-innych-ustaw\/","title":{"rendered":"Stanowisko Prezydium KK nr 3\/16 ws.  poselskiego projekty ustawy o zmianie ustawy  o wynagrodzeniu os\u00f3b zajmuj\u0105cych kierownicze stanowiska pa\u0144stwowe  oraz o zmianie niekt\u00f3rych innych ustaw"},"content":{"rendered":"<p style=\"text-align: justify\">\n\tPrezydium Komisji Krajowej NSZZ &bdquo;Solidarno\u015b\u0107&rdquo; z dezaprobat\u0105 i oburzeniem przyj\u0119\u0142o informacj\u0119 o poselskiej inicjatywie zmiany ustawy <em>o wynagrodzeniu os&oacute;b zajmuj\u0105cych kierownicze stanowiska pa\u0144stwowe <\/em>maj\u0105cej w g\u0142&oacute;wnej mierze przynie\u015b\u0107 znacz\u0105cy wzrost uposa\u017ce\u0144 wysokich funkcjonariuszy tak rz\u0105dowych jak i parlamentarnych.<\/p>\n<p style=\"text-align: justify\">\n\tJe\u017celi mo\u017cna si\u0119 zgodzi\u0107 z potrzeb\u0105 uregulowania kwestii uposa\u017cenia ma\u0142\u017conki obecnie sprawuj\u0105cego urz\u0105d Prezydenta jak i ma\u0142\u017conek by\u0142ych Prezydent&oacute;w oraz wprowadzenia mechanizm&oacute;w stymuluj\u0105cych wynagrodzenia funkcjonariuszy pa\u0144stwowych&nbsp;w oparciu o przes\u0142anki sytuacji gospodarczej, poziomu wynagrodze\u0144 w gospodarce narodowej, wysoko\u015bci minimalnego wynagrodzenia czy sytuacji spo\u0142ecznej, tak nie do zaakceptowania jest tak ra\u017c\u0105cy wzrost wynagrodze\u0144 dla os&oacute;b obj\u0119tych zakresem dzia\u0142ania ustawy, szczeg&oacute;lnie w okresie kiedy ju\u017c si&oacute;dmy rok z rz\u0119du zamro\u017cony jest wzrost wynagrodze\u0144 pracownik&oacute;w zatrudnionych w pa\u0144stwowej sferze bud\u017cetowej.<\/p>\n<p style=\"text-align: justify\">\n\tNie bez znaczenia pozostaje fakt omijania procesu konsultacji spo\u0142ecznych projekt&oacute;w akt&oacute;w prawnych przez zwi\u0105zki zawodowe w oparciu o art. 19 ustawy o zwi\u0105zkach zawodowych. Dziwi fakt skierowania przez Marsza\u0142ka Sejmu, projektu do pierwszego czytania z pomini\u0119ciem konsultacji przez Rady Dialogu Spo\u0142ecznego, szczeg&oacute;lnie w okresie prowadzenia szerokich konsultacji za\u0142o\u017ce\u0144 do bud\u017cetu pa\u0144stwa na 2017 rok.<\/p>\n<p style=\"text-align: justify\">\n\t&nbsp;Domagamy si\u0119 odmro\u017cenia wynagrodze\u0144 pracownik&oacute;w pa\u0144stwowej sfery bud\u017cetowej, obj\u0119cie wszystkich pracownik&oacute;w pa\u0144stwowej sfery bud\u017cetowej wzrostem wynagrodze\u0144 w nie mniejszym wymiarze ni\u017c to okre\u015bli\u0142y trzy reprezentatywne centrale zwi\u0105zk&oacute;w zawodowych w stanowisku z dnia 18.05.2016 roku orazpowstrzymani procesu legislacyjnego i skierowania przedmiotowego projektu do konsultacji spo\u0142ecznych. &nbsp;<\/p>\n<p>\n\t&nbsp;<\/p>\n<p><\/p>\n","protected":false},"excerpt":{"rendered":"<p>Prezydium Komisji Krajowej NSZZ &bdquo;Solidarno\u015b\u0107&rdquo; z dezaprobat\u0105 i oburzeniem przyj\u0119\u0142o informacj\u0119 o poselskiej inicjatywie zmiany ustawy o wynagrodzeniu os&oacute;b zajmuj\u0105cych kierownicze stanowiska pa\u0144stwowe maj\u0105cej w g\u0142&oacute;wnej mierze przynie\u015b\u0107 znacz\u0105cy wzrost uposa\u017ce\u0144 wysokich funkcjonariuszy tak rz\u0105dowych jak i parlamentarnych. Je\u017celi mo\u017cna si\u0119 zgodzi\u0107 z potrzeb\u0105 uregulowania kwestii uposa\u017cenia ma\u0142\u017conki obecnie sprawuj\u0105cego urz\u0105d Prezydenta jak i ma\u0142\u017conek [&hellip;]<\/p>\n","protected":false},"author":3,"featured_media":0,"comment_status":"closed","ping_status":"closed","sticky":false,"template":"","format":"standard","meta":{"footnotes":""},"categories":[77,9],"tags":[357,373,534,63,535],"class_list":["post-7189","post","type-post","status-publish","format-standard","hentry","category-2016prezydium","category-dokprez","tag-357","tag-3-16","tag-prezydium","tag-stanowisko","tag-stanowisko-prezydium"],"_links":{"self":[{"href":"https:\/\/www.solidarnosc.org.pl\/dok\/wp-json\/wp\/v2\/posts\/7189","targetHints":{"allow":["GET"]}}],"collection":[{"href":"https:\/\/www.solidarnosc.org.pl\/dok\/wp-json\/wp\/v2\/posts"}],"about":[{"href":"https:\/\/www.solidarnosc.org.pl\/dok\/wp-json\/wp\/v2\/types\/post"}],"author":[{"embeddable":true,"href":"https:\/\/www.solidarnosc.org.pl\/dok\/wp-json\/wp\/v2\/users\/3"}],"replies":[{"embeddable":true,"href":"https:\/\/www.solidarnosc.org.pl\/dok\/wp-json\/wp\/v2\/comments?post=7189"}],"version-history":[{"count":0,"href":"https:\/\/www.solidarnosc.org.pl\/dok\/wp-json\/wp\/v2\/posts\/7189\/revisions"}],"wp:attachment":[{"href":"https:\/\/www.solidarnosc.org.pl\/dok\/wp-json\/wp\/v2\/media?parent=7189"}],"wp:term":[{"taxonomy":"category","embeddable":true,"href":"https:\/\/www.solidarnosc.org.pl\/dok\/wp-json\/wp\/v2\/categories?post=7189"},{"taxonomy":"post_tag","embeddable":true,"href":"https:\/\/www.solidarnosc.org.pl\/dok\/wp-json\/wp\/v2\/tags?post=7189"}],"curies":[{"name":"wp","href":"https:\/\/api.w.org\/{rel}","templated":true}]}}