{"id":7186,"date":"2016-07-20T10:57:57","date_gmt":"2016-07-20T08:57:57","guid":{"rendered":"https:\/\/www.solidarnosc.org.pl\/dok\/?p=7186"},"modified":"2016-07-20T10:57:57","modified_gmt":"2016-07-20T08:57:57","slug":"decyzja-prezydium-kk-nr-114-16-ws-poselskiego-projektu-ustawy-o-inspekcji-zywnosci","status":"publish","type":"post","link":"https:\/\/www.solidarnosc.org.pl\/dok\/2016\/07\/20\/decyzja-prezydium-kk-nr-114-16-ws-poselskiego-projektu-ustawy-o-inspekcji-zywnosci\/","title":{"rendered":"Decyzja Prezydium KK nr 114\/16 ws. poselskiego projektu ustawy o Inspekcji \u017bywno\u015bci"},"content":{"rendered":"<p style=\"text-align: justify\">\n\tPrezydium Komisji Krajowej NSZZ &bdquo;Solidarno\u015b\u0107&rdquo; negatywnie ocenia poselski projekt ustawy o Inspekcji \u017bywno\u015bci.<\/p>\n<p style=\"text-align: justify\">\n\tProjekt zak\u0142ada powo\u0142anie Inspekcji \u017bywno\u015bci z po\u0142\u0105czenia 3 inspekcji podleg\u0142ych Ministrowi Rolnictwa i Rozwoju Wsi tj. Inspekcji Weterynaryjnej, Pa\u0144stwowej Inspekcji Ochrony Ro\u015blin i Nasiennictwa, Inspekcji Jako\u015bci Handlowej Artyku\u0142&oacute;w Rolno &#8211; Spo\u017cywczych oraz przej\u0119cia cz\u0119\u015bci zada\u0144 Pa\u0144stwowej Inspekcji Sanitarnej i Inspekcji Handlowej w zakresie urz\u0119dowej kontroli \u017cywno\u015bci. W naszej ocenie taka konsolidacja s\u0142u\u017cb by\u0142aby mo\u017cliwa, ale wy\u0142\u0105cznie w zakresie inspekcji podleg\u0142ych Ministrowi Rolnictwa<br \/>\n\ti Rozwoju Wsi, przy&nbsp; jednoczesnym podporz\u0105dkowaniu nowej instytucji Prezesowi Rady Ministr&oacute;w. Nie jest bowiem w\u0142a\u015bciwe po\u0142\u0105czenie w r\u0119kach jednego organu administracji publicznej zada\u0144 zwi\u0105zanych z produkcj\u0105 roln\u0105 oraz jednocze\u015bnie jej kontrol\u0105.<\/p>\n<p style=\"text-align: justify\">\n\tSzczeg&oacute;lne zaniepokojenie budzi zaplanowane w projekcie rozbicie struktur organizacyjnych Pa\u0144stwowej Inspekcji Sanitarnej. Zwracamy uwag\u0119, \u017ce obecnie sprawowany nadz&oacute;r w zakresie bezpiecze\u0144stwa \u017cywno\u015bci i \u017cywienia przez organy Pa\u0144stwowej Inspekcji Sanitarnej ma charakter kompleksowy, wpisuje si\u0119 w szeroko rozumiany nadz&oacute;r epidemiologiczny i jest tak\u017ce elementem nadzoru nad zdrowiem publicznym. System ten funkcjonuje od wielu lat i sprawdzi\u0142 si\u0119 r&oacute;wnie\u017c w sytuacjach kryzysowych.<\/p>\n<p style=\"text-align: justify\">\n\tPrezydium KK NSZZ &bdquo;Solidarno\u015b\u0107&rdquo; stoi na stanowisku, \u017ce obszar ten ca\u0142o\u015bciowo powinien pozosta\u0107 w kompetencji Ministra Zdrowia.<\/p>\n<p><\/p>\n","protected":false},"excerpt":{"rendered":"<p>Prezydium Komisji Krajowej NSZZ &bdquo;Solidarno\u015b\u0107&rdquo; negatywnie ocenia poselski projekt ustawy o Inspekcji \u017bywno\u015bci. Projekt zak\u0142ada powo\u0142anie Inspekcji \u017bywno\u015bci z po\u0142\u0105czenia 3 inspekcji podleg\u0142ych Ministrowi Rolnictwa i Rozwoju Wsi tj. Inspekcji Weterynaryjnej, Pa\u0144stwowej Inspekcji Ochrony Ro\u015blin i Nasiennictwa, Inspekcji Jako\u015bci Handlowej Artyku\u0142&oacute;w Rolno &#8211; Spo\u017cywczych oraz przej\u0119cia cz\u0119\u015bci zada\u0144 Pa\u0144stwowej Inspekcji Sanitarnej i Inspekcji Handlowej w [&hellip;]<\/p>\n","protected":false},"author":3,"featured_media":0,"comment_status":"closed","ping_status":"closed","sticky":false,"template":"","format":"standard","meta":{"footnotes":""},"categories":[77,9],"tags":[1632,357,61,536,534],"class_list":["post-7186","post","type-post","status-publish","format-standard","hentry","category-2016prezydium","category-dokprez","tag-114-16","tag-357","tag-decyzja","tag-decyzja-prezydium","tag-prezydium"],"_links":{"self":[{"href":"https:\/\/www.solidarnosc.org.pl\/dok\/wp-json\/wp\/v2\/posts\/7186","targetHints":{"allow":["GET"]}}],"collection":[{"href":"https:\/\/www.solidarnosc.org.pl\/dok\/wp-json\/wp\/v2\/posts"}],"about":[{"href":"https:\/\/www.solidarnosc.org.pl\/dok\/wp-json\/wp\/v2\/types\/post"}],"author":[{"embeddable":true,"href":"https:\/\/www.solidarnosc.org.pl\/dok\/wp-json\/wp\/v2\/users\/3"}],"replies":[{"embeddable":true,"href":"https:\/\/www.solidarnosc.org.pl\/dok\/wp-json\/wp\/v2\/comments?post=7186"}],"version-history":[{"count":0,"href":"https:\/\/www.solidarnosc.org.pl\/dok\/wp-json\/wp\/v2\/posts\/7186\/revisions"}],"wp:attachment":[{"href":"https:\/\/www.solidarnosc.org.pl\/dok\/wp-json\/wp\/v2\/media?parent=7186"}],"wp:term":[{"taxonomy":"category","embeddable":true,"href":"https:\/\/www.solidarnosc.org.pl\/dok\/wp-json\/wp\/v2\/categories?post=7186"},{"taxonomy":"post_tag","embeddable":true,"href":"https:\/\/www.solidarnosc.org.pl\/dok\/wp-json\/wp\/v2\/tags?post=7186"}],"curies":[{"name":"wp","href":"https:\/\/api.w.org\/{rel}","templated":true}]}}