{"id":7184,"date":"2016-07-20T10:56:57","date_gmt":"2016-07-20T08:56:57","guid":{"rendered":"https:\/\/www.solidarnosc.org.pl\/dok\/?p=7184"},"modified":"2016-07-20T10:56:57","modified_gmt":"2016-07-20T08:56:57","slug":"decyzja-prezydium-kk-nr-113-16-ws-przedstawicieli-nszz-solidarnosc-w-grupie-roboczej-ds-europejskiego-dialogu-spolecznego-rady-dialogu-spolecznego","status":"publish","type":"post","link":"https:\/\/www.solidarnosc.org.pl\/dok\/2016\/07\/20\/decyzja-prezydium-kk-nr-113-16-ws-przedstawicieli-nszz-solidarnosc-w-grupie-roboczej-ds-europejskiego-dialogu-spolecznego-rady-dialogu-spolecznego\/","title":{"rendered":"Decyzja Prezydium KK nr 113\/16 ws. przedstawicieli NSZZ \u201eSolidarno\u015b\u0107\u201d w grupie roboczej  ds. europejskiego dialogu spo\u0142ecznego Rady Dialogu Spo\u0142ecznego"},"content":{"rendered":"<p style=\"text-align: justify\">\n\tPrezydium Komisji Krajowej NSZZ &bdquo;Solidarno\u015b\u0107&rdquo; wskazuje nast\u0119puj\u0105cych przedstawicieli do grupy roboczej do spraw europejskiego dialogu spo\u0142ecznego dzia\u0142aj\u0105cej&nbsp;w ramach zespo\u0142u problemowego ds. rozwoju dialogu spo\u0142ecznego Rady Dialogu Spo\u0142ecznego:<\/p>\n<p style=\"margin-left: 36pt;text-align: justify\">\n\t&#8211;&nbsp;&nbsp;&nbsp;&nbsp;&nbsp;&nbsp;&nbsp; Wojciech Ilnicki &ndash; cz\u0142onek grupy roboczej,<\/p>\n<p style=\"margin-left: 36pt;text-align: justify\">\n\t&#8211;&nbsp;&nbsp;&nbsp;&nbsp;&nbsp;&nbsp;&nbsp; S\u0142awomir Adamczyk &ndash;ekspert grupy roboczej.<\/p>\n<p><\/p>\n","protected":false},"excerpt":{"rendered":"<p>Prezydium Komisji Krajowej NSZZ &bdquo;Solidarno\u015b\u0107&rdquo; wskazuje nast\u0119puj\u0105cych przedstawicieli do grupy roboczej do spraw europejskiego dialogu spo\u0142ecznego dzia\u0142aj\u0105cej&nbsp;w ramach zespo\u0142u problemowego ds. rozwoju dialogu spo\u0142ecznego Rady Dialogu Spo\u0142ecznego: &#8211;&nbsp;&nbsp;&nbsp;&nbsp;&nbsp;&nbsp;&nbsp; Wojciech Ilnicki &ndash; cz\u0142onek grupy roboczej, &#8211;&nbsp;&nbsp;&nbsp;&nbsp;&nbsp;&nbsp;&nbsp; S\u0142awomir Adamczyk &ndash;ekspert grupy roboczej.<\/p>\n","protected":false},"author":3,"featured_media":0,"comment_status":"closed","ping_status":"closed","sticky":false,"template":"","format":"standard","meta":{"footnotes":""},"categories":[77,9],"tags":[1631,357,61,536,534],"class_list":["post-7184","post","type-post","status-publish","format-standard","hentry","category-2016prezydium","category-dokprez","tag-113-16","tag-357","tag-decyzja","tag-decyzja-prezydium","tag-prezydium"],"_links":{"self":[{"href":"https:\/\/www.solidarnosc.org.pl\/dok\/wp-json\/wp\/v2\/posts\/7184","targetHints":{"allow":["GET"]}}],"collection":[{"href":"https:\/\/www.solidarnosc.org.pl\/dok\/wp-json\/wp\/v2\/posts"}],"about":[{"href":"https:\/\/www.solidarnosc.org.pl\/dok\/wp-json\/wp\/v2\/types\/post"}],"author":[{"embeddable":true,"href":"https:\/\/www.solidarnosc.org.pl\/dok\/wp-json\/wp\/v2\/users\/3"}],"replies":[{"embeddable":true,"href":"https:\/\/www.solidarnosc.org.pl\/dok\/wp-json\/wp\/v2\/comments?post=7184"}],"version-history":[{"count":0,"href":"https:\/\/www.solidarnosc.org.pl\/dok\/wp-json\/wp\/v2\/posts\/7184\/revisions"}],"wp:attachment":[{"href":"https:\/\/www.solidarnosc.org.pl\/dok\/wp-json\/wp\/v2\/media?parent=7184"}],"wp:term":[{"taxonomy":"category","embeddable":true,"href":"https:\/\/www.solidarnosc.org.pl\/dok\/wp-json\/wp\/v2\/categories?post=7184"},{"taxonomy":"post_tag","embeddable":true,"href":"https:\/\/www.solidarnosc.org.pl\/dok\/wp-json\/wp\/v2\/tags?post=7184"}],"curies":[{"name":"wp","href":"https:\/\/api.w.org\/{rel}","templated":true}]}}