{"id":6971,"date":"2016-02-02T08:59:54","date_gmt":"2016-02-02T07:59:54","guid":{"rendered":"https:\/\/www.solidarnosc.org.pl\/dok\/?p=6971"},"modified":"2016-02-02T08:59:54","modified_gmt":"2016-02-02T07:59:54","slug":"decyzja-prezydium-kk-nr-22-16-ws-dofinansowania-spotkania-organizacyjno-szkoleniowego-dla-czlonkow-rady-dialogu-spolecznego","status":"publish","type":"post","link":"https:\/\/www.solidarnosc.org.pl\/dok\/2016\/02\/02\/decyzja-prezydium-kk-nr-22-16-ws-dofinansowania-spotkania-organizacyjno-szkoleniowego-dla-czlonkow-rady-dialogu-spolecznego\/","title":{"rendered":"Decyzja Prezydium KK nr 22\/16 ws. dofinansowania spotkania organizacyjno-szkoleniowego  dla cz\u0142onk\u00f3w Rady Dialogu Spo\u0142ecznego"},"content":{"rendered":"<p>\n\t(do u\u017cytku s\u0142u\u017cbowego)<\/p>\n<p><\/p>\n","protected":false},"excerpt":{"rendered":"<p>(do u\u017cytku s\u0142u\u017cbowego)<\/p>\n","protected":false},"author":3,"featured_media":0,"comment_status":"closed","ping_status":"closed","sticky":false,"template":"","format":"standard","meta":{"footnotes":""},"categories":[77,9],"tags":[357,380,61,536,534],"class_list":["post-6971","post","type-post","status-publish","format-standard","hentry","category-2016prezydium","category-dokprez","tag-357","tag-22-16","tag-decyzja","tag-decyzja-prezydium","tag-prezydium"],"_links":{"self":[{"href":"https:\/\/www.solidarnosc.org.pl\/dok\/wp-json\/wp\/v2\/posts\/6971","targetHints":{"allow":["GET"]}}],"collection":[{"href":"https:\/\/www.solidarnosc.org.pl\/dok\/wp-json\/wp\/v2\/posts"}],"about":[{"href":"https:\/\/www.solidarnosc.org.pl\/dok\/wp-json\/wp\/v2\/types\/post"}],"author":[{"embeddable":true,"href":"https:\/\/www.solidarnosc.org.pl\/dok\/wp-json\/wp\/v2\/users\/3"}],"replies":[{"embeddable":true,"href":"https:\/\/www.solidarnosc.org.pl\/dok\/wp-json\/wp\/v2\/comments?post=6971"}],"version-history":[{"count":0,"href":"https:\/\/www.solidarnosc.org.pl\/dok\/wp-json\/wp\/v2\/posts\/6971\/revisions"}],"wp:attachment":[{"href":"https:\/\/www.solidarnosc.org.pl\/dok\/wp-json\/wp\/v2\/media?parent=6971"}],"wp:term":[{"taxonomy":"category","embeddable":true,"href":"https:\/\/www.solidarnosc.org.pl\/dok\/wp-json\/wp\/v2\/categories?post=6971"},{"taxonomy":"post_tag","embeddable":true,"href":"https:\/\/www.solidarnosc.org.pl\/dok\/wp-json\/wp\/v2\/tags?post=6971"}],"curies":[{"name":"wp","href":"https:\/\/api.w.org\/{rel}","templated":true}]}}