{"id":6876,"date":"2015-10-22T11:39:56","date_gmt":"2015-10-22T09:39:56","guid":{"rendered":"https:\/\/www.solidarnosc.org.pl\/dok\/?p=6876"},"modified":"2015-10-22T11:39:56","modified_gmt":"2015-10-22T09:39:56","slug":"stanowisko-kk-nr-9-15-ws-nadania-krzyza-kawalerskiego-orderu-zaslugi-rp-dla-pedro-pereira-da-silva-dyrektora-operacyjnego-grupy-jeronimo-martins","status":"publish","type":"post","link":"https:\/\/www.solidarnosc.org.pl\/dok\/2015\/10\/22\/stanowisko-kk-nr-9-15-ws-nadania-krzyza-kawalerskiego-orderu-zaslugi-rp-dla-pedro-pereira-da-silva-dyrektora-operacyjnego-grupy-jeronimo-martins\/","title":{"rendered":"Stanowisko KK nr 9\/15 ws. nadania Krzy\u017ca Kawalerskiego Orderu Zas\u0142ugi RP dla Pedro Pereira da Silva  \u2013 dyrektora operacyjnego Grupy Jeronimo Martins"},"content":{"rendered":"<p>\n\tKomisja Krajowa NSZZ &bdquo;Solidarno\u015b\u0107&rdquo; z oburzeniem przyjmuje wiadomo\u015b\u0107&nbsp;o uhonorowaniu Pana Pedro Pereira da Silva &#8211; dyrektora operacyjnego Grupy Jeronimo Martins (w\u0142a\u015bciciela sieci Biedronka) Krzy\u017cem Kawalerskim Orderu Zas\u0142ugi Rzeczypospolitej Polskiej.<\/p>\n<p>\n\tOrder przyznany przez Prezydenta RP Bronis\u0142awa Komorowskiego panu Pedro Pereira da Silva nadawany jest cudzoziemcom i obywatelom polskim stale zamieszka\u0142ym za granic\u0105, kt&oacute;rzy sw\u0105 dzia\u0142alno\u015bci\u0105 wnie\u015bli wybitny wk\u0142ad we wsp&oacute;\u0142prac\u0119 mi\u0119dzynarodow\u0105 oraz wsp&oacute;\u0142prac\u0119 \u0142\u0105cz\u0105c\u0105 Rzeczpospolit\u0105 Polsk\u0105 z innym pa\u0144stwami i narodami. Order &#8211; jak uzasadniono w komunikacie MSZ &ndash; mia\u0142 zosta\u0107 przyznany za wk\u0142ad w rozw&oacute;j gospodarczy Polski, tworzenie miejsc pracy, zaanga\u017cowanie firmy w dzia\u0142alno\u015b\u0107 spo\u0142eczn\u0105 i charytatywn\u0105 oraz znacz\u0105cy wk\u0142ad w rozw&oacute;j stosunk&oacute;w handlowych mi\u0119dzy Polsk\u0105, a Portugali\u0105.<\/p>\n<p>\n\tPowszechnie wiadomo, \u017ce podnoszony w uzasadnieniu wk\u0142ad w rozw&oacute;j gospodarczy Polski, od samego pocz\u0105tku funkcjonowania sieci Biedronka w Polsce, oparty by\u0142 na nieograniczonej ekspansji sieci, wypieraniu z rynku rodzimych przedsi\u0119biorstw, \u0142amaniu praw pracowniczych, zmuszaniu do pracy ponad si\u0142y i w niebezpiecznych warunkach,&nbsp;a w konsekwencji naruszaniu niezbywalnej godno\u015bci pracownik&oacute;w. Sie\u0107 Biedronka sta\u0142a si\u0119 niechlubnym przyk\u0142adem wyzysku pracowniczego. Od pocz\u0105tku istnienia w sieci Biedronka ograniczane by\u0142y r&oacute;wnie\u017c prawa zwi\u0105zk&oacute;w zawodowych. Do dzi\u015b sytuacja ta nie zmieni\u0142a si\u0119. Na przestrzeni ostatnich kilku lat sie\u0107 dyskryminowa\u0142a pracownik&oacute;w z powodu przynale\u017cno\u015bci do zwi\u0105zk&oacute;w zawodowych, co zosta\u0142o udowodnione prawomocnymi wyrokami sadowymi. Dialog z pracodawc\u0105 nie istnieje, a spotkania maj\u0105 charakter incydentalny i nie powoduj\u0105 zmian w warunkach \u015bwiadczenia pracy.&nbsp;<\/p>\n<p>\n\t&nbsp;<\/p>\n<p>\n\tMaj\u0105c na uwadze ra\u017c\u0105c\u0105 rozbie\u017cno\u015b\u0107 mi\u0119dzy faktycznymi antypracowniczymi&nbsp;i antyzwi\u0105zkowymi dzia\u0142aniami sieci Biedronka, a uzasadnieniem przyznania tak wysokiego pa\u0144stwowego odznaczenia dyrektorowi operacyjnemu firmy, Komisja Krajowa NSZZ &bdquo;Solidarno\u015b\u0107&rdquo; wyra\u017ca pogl\u0105d, \u017ce w oparciu o Art. 36. Pkt. 1. Ustawy&nbsp;z dnia 16 pa\u017adziernika 1992 r. o orderach i odznaczeniach nale\u017ca\u0142oby rozwa\u017cy\u0107 mo\u017cliwo\u015b\u0107 odebrania Orderu Panu Pedro Pereira da Silva. &nbsp; &nbsp; &nbsp;&nbsp;<\/p>\n<p><\/p>\n","protected":false},"excerpt":{"rendered":"<p>Komisja Krajowa NSZZ &bdquo;Solidarno\u015b\u0107&rdquo; z oburzeniem przyjmuje wiadomo\u015b\u0107&nbsp;o uhonorowaniu Pana Pedro Pereira da Silva &#8211; dyrektora operacyjnego Grupy Jeronimo Martins (w\u0142a\u015bciciela sieci Biedronka) Krzy\u017cem Kawalerskim Orderu Zas\u0142ugi Rzeczypospolitej Polskiej. Order przyznany przez Prezydenta RP Bronis\u0142awa Komorowskiego panu Pedro Pereira da Silva nadawany jest cudzoziemcom i obywatelom polskim stale zamieszka\u0142ym za granic\u0105, kt&oacute;rzy sw\u0105 dzia\u0142alno\u015bci\u0105 wnie\u015bli [&hellip;]<\/p>\n","protected":false},"author":3,"featured_media":0,"comment_status":"closed","ping_status":"closed","sticky":false,"template":"","format":"standard","meta":{"footnotes":""},"categories":[76,8],"tags":[310,319,98,63,100],"class_list":["post-6876","post","type-post","status-publish","format-standard","hentry","category-2015kk","category-dokkk","tag-310","tag-9-15","tag-kk","tag-stanowisko","tag-stanowisko-kk"],"_links":{"self":[{"href":"https:\/\/www.solidarnosc.org.pl\/dok\/wp-json\/wp\/v2\/posts\/6876","targetHints":{"allow":["GET"]}}],"collection":[{"href":"https:\/\/www.solidarnosc.org.pl\/dok\/wp-json\/wp\/v2\/posts"}],"about":[{"href":"https:\/\/www.solidarnosc.org.pl\/dok\/wp-json\/wp\/v2\/types\/post"}],"author":[{"embeddable":true,"href":"https:\/\/www.solidarnosc.org.pl\/dok\/wp-json\/wp\/v2\/users\/3"}],"replies":[{"embeddable":true,"href":"https:\/\/www.solidarnosc.org.pl\/dok\/wp-json\/wp\/v2\/comments?post=6876"}],"version-history":[{"count":0,"href":"https:\/\/www.solidarnosc.org.pl\/dok\/wp-json\/wp\/v2\/posts\/6876\/revisions"}],"wp:attachment":[{"href":"https:\/\/www.solidarnosc.org.pl\/dok\/wp-json\/wp\/v2\/media?parent=6876"}],"wp:term":[{"taxonomy":"category","embeddable":true,"href":"https:\/\/www.solidarnosc.org.pl\/dok\/wp-json\/wp\/v2\/categories?post=6876"},{"taxonomy":"post_tag","embeddable":true,"href":"https:\/\/www.solidarnosc.org.pl\/dok\/wp-json\/wp\/v2\/tags?post=6876"}],"curies":[{"name":"wp","href":"https:\/\/api.w.org\/{rel}","templated":true}]}}