{"id":687,"date":"1994-10-01T10:58:59","date_gmt":"1994-10-01T09:58:59","guid":{"rendered":"http:\/\/www.solidarnosc.org.pl\/dok\/?p=687"},"modified":"2012-10-01T11:01:15","modified_gmt":"2012-10-01T09:01:15","slug":"uchwala-nr-251994-ws-zmian-w-statucie-nszz-solidarnosc","status":"publish","type":"post","link":"https:\/\/www.solidarnosc.org.pl\/dok\/1994\/10\/01\/uchwala-nr-251994-ws-zmian-w-statucie-nszz-solidarnosc\/","title":{"rendered":"Uchwa\u0142a nr 25\/1994 ws.zmian w Statucie NSZZ &#8222;Solidarno\u015b\u0107&#8221;"},"content":{"rendered":"<p align=\"center\"><strong>\u00a0 \u00a0 \u00a0Delegaci\u00a0 VI Krajowego Zjazdu dokonuj\u0105 zmian w <em>Statucie <\/em>NSZZ &#8222;Solidarno\u015b\u0107&#8221;<\/strong><\/p>\n<p><strong>\u00a0<\/strong><strong><em>\u00a7.8\u00a0 ust.1\u00a0 pkt. 1<\/em>\u00a0\u00a0 przyjmuje brzmienie:<\/strong><\/p>\n<p style=\"text-align: justify;\"><strong>&#8222;podstawow\u0105 jednostk\u0105 organizacyjn\u0105 Zwi\u0105zku jest organizacja zak\u0142adowa zrzeszaj\u0105ca pracownik\u00f3w zatrudnionych w danym zak\u0142adzie pracy bez wzgl\u0119du na zaw\u00f3d; status organizacji zak\u0142adowej posiada r\u00f3wnie\u017c mi\u0119dzyzak\u0142adowa organizacja zwi\u0105zkowa zrzeszaj\u0105ca cz\u0142onk\u00f3w Zwi\u0105zku zatrudnionych w miejscach pracy nie obj\u0119tych dzia\u0142alno\u015bci\u0105 zak\u0142adowej organizacji zwi\u0105zkowej;&#8221;\u00a0<\/strong><\/p>\n<p><strong><em>\u00a7.10\u00a0 ust. 1<\/em>\u00a0\u00a0\u00a0przyjmuje brzmienie: <\/strong><\/p>\n<p><strong style=\"text-align: justify;\">&#8222;Podstawowe jednostki organizacyjne powstaj\u0105 z inicjatywy podj\u0119tej przez tymczasow\u0105 komisj\u0119 zak\u0142adow\u0105.<\/strong><\/p>\n<p style=\"text-align: justify;\"><strong>Tymczasowa\u00a0 komisja\u00a0 zak\u0142adowa\u00a0 nabywa\u00a0 praw\u00a0 w\u0142adzy zwi\u0105zkowej z dat\u0105 jej zawi\u0105zania i po zarejestrowaniu w zarz\u0105dzie regionu. Tymczasowa komisja zak\u0142adowa dzia\u0142a do czasu wybor\u00f3w statutowych w\u0142adz podstawowej jednostki organizacyjnej. <\/strong><\/p>\n<p style=\"text-align: justify;\"><strong>Wybory statutowych w\u0142adz przeprowadza si\u0119 w ci\u0105gu trzech miesi\u0119cy od zarejestrowania w zarz\u0105dzie regionu tymczasowej komisji zak\u0142adowej&#8221;.\u00a0<\/strong><\/p>\n","protected":false},"excerpt":{"rendered":"<p>\u00a0 \u00a0 \u00a0Delegaci\u00a0 VI Krajowego Zjazdu dokonuj\u0105 zmian w Statucie NSZZ &#8222;Solidarno\u015b\u0107&#8221; \u00a0\u00a7.8\u00a0 ust.1\u00a0 pkt. 1\u00a0\u00a0 przyjmuje brzmienie: &#8222;podstawow\u0105 jednostk\u0105 organizacyjn\u0105 Zwi\u0105zku jest organizacja zak\u0142adowa zrzeszaj\u0105ca pracownik\u00f3w zatrudnionych w danym zak\u0142adzie pracy bez wzgl\u0119du na zaw\u00f3d; status organizacji zak\u0142adowej posiada r\u00f3wnie\u017c mi\u0119dzyzak\u0142adowa organizacja zwi\u0105zkowa zrzeszaj\u0105ca cz\u0142onk\u00f3w Zwi\u0105zku zatrudnionych w miejscach pracy nie obj\u0119tych dzia\u0142alno\u015bci\u0105 zak\u0142adowej [&hellip;]<\/p>\n","protected":false},"author":3,"featured_media":0,"comment_status":"closed","ping_status":"closed","sticky":false,"template":"","format":"standard","meta":{"footnotes":""},"categories":[23,16],"tags":[2833,2859,2636,62,2638],"class_list":["post-687","post","type-post","status-publish","format-standard","hentry","category-6kzd","category-dokkzd","tag-2833","tag-25-1994","tag-kzd","tag-uchwala","tag-uchwala-kzd"],"_links":{"self":[{"href":"https:\/\/www.solidarnosc.org.pl\/dok\/wp-json\/wp\/v2\/posts\/687","targetHints":{"allow":["GET"]}}],"collection":[{"href":"https:\/\/www.solidarnosc.org.pl\/dok\/wp-json\/wp\/v2\/posts"}],"about":[{"href":"https:\/\/www.solidarnosc.org.pl\/dok\/wp-json\/wp\/v2\/types\/post"}],"author":[{"embeddable":true,"href":"https:\/\/www.solidarnosc.org.pl\/dok\/wp-json\/wp\/v2\/users\/3"}],"replies":[{"embeddable":true,"href":"https:\/\/www.solidarnosc.org.pl\/dok\/wp-json\/wp\/v2\/comments?post=687"}],"version-history":[{"count":1,"href":"https:\/\/www.solidarnosc.org.pl\/dok\/wp-json\/wp\/v2\/posts\/687\/revisions"}],"predecessor-version":[{"id":689,"href":"https:\/\/www.solidarnosc.org.pl\/dok\/wp-json\/wp\/v2\/posts\/687\/revisions\/689"}],"wp:attachment":[{"href":"https:\/\/www.solidarnosc.org.pl\/dok\/wp-json\/wp\/v2\/media?parent=687"}],"wp:term":[{"taxonomy":"category","embeddable":true,"href":"https:\/\/www.solidarnosc.org.pl\/dok\/wp-json\/wp\/v2\/categories?post=687"},{"taxonomy":"post_tag","embeddable":true,"href":"https:\/\/www.solidarnosc.org.pl\/dok\/wp-json\/wp\/v2\/tags?post=687"}],"curies":[{"name":"wp","href":"https:\/\/api.w.org\/{rel}","templated":true}]}}