{"id":6792,"date":"2015-08-27T22:59:51","date_gmt":"2015-08-27T20:59:51","guid":{"rendered":"https:\/\/www.solidarnosc.org.pl\/dok\/?p=6792"},"modified":"2015-08-27T22:59:51","modified_gmt":"2015-08-27T20:59:51","slug":"uchwala-kk-nr-29-15-ws-scedowania-uprawnien-dot-zatwierdzania-regulaminow-wewnetrznych-krajowych-sekretariatow-branzowych-oraz-krajowego-sekretariatu-emerytow-i-rencistow","status":"publish","type":"post","link":"https:\/\/www.solidarnosc.org.pl\/dok\/2015\/08\/27\/uchwala-kk-nr-29-15-ws-scedowania-uprawnien-dot-zatwierdzania-regulaminow-wewnetrznych-krajowych-sekretariatow-branzowych-oraz-krajowego-sekretariatu-emerytow-i-rencistow\/","title":{"rendered":"Uchwa\u0142a KK nr 29\/15 ws. scedowania uprawnie\u0144 dot. zatwierdzania Regulamin\u00f3w wewn\u0119trznych krajowych sekretariat\u00f3w bran\u017cowych oraz Krajowego Sekretariatu Emeryt\u00f3w i Rencist\u00f3w"},"content":{"rendered":"<div align=\"center\">\n\t&sect; 1<\/div>\n<div>\n\t&nbsp;&nbsp;&nbsp;&nbsp;&nbsp;&nbsp;&nbsp;&nbsp;&nbsp;&nbsp;&nbsp; Komisja Krajowa NSZZ &bdquo;Solidarno\u015b\u0107&rdquo;, dzia\u0142aj\u0105c na podstawie &sect; 42 ust. 6 Statutu&nbsp; NSZZ &bdquo;Solidarno\u015b\u0107&rdquo;, postanawia scedowa\u0107 uprawnienie wynikaj\u0105ce z &sect; 17 ust. 3 Uchwa\u0142y KK nr 17\/08 ws. zasad rejestracji i wyrejestrowywania oraz funkcjonowania bran\u017cowych jednostek organizacyjnych Zwi\u0105zku, dotycz\u0105ce podejmowania decyzji w sprawie zatwierdzania Regulamin&oacute;w wewn\u0119trznych krajowych sekretariat&oacute;w bran\u017cowych oraz Krajowego Sekretariatu Emeryt&oacute;w i Rencist&oacute;w na Prezydium Komisji Krajowej NSZZ &bdquo;Solidarno\u015b\u0107&rdquo;.<\/div>\n<div>\n\t&nbsp;<\/div>\n<div align=\"center\">\n\t&sect; 2<\/div>\n<div>\n\tUchwa\u0142a wchodzi w \u017cycie z dniem podj\u0119cia.<\/div>\n<p align=\"center\">\n\t&nbsp;<\/p>\n<p><\/p>\n","protected":false},"excerpt":{"rendered":"<p>&sect; 1 &nbsp;&nbsp;&nbsp;&nbsp;&nbsp;&nbsp;&nbsp;&nbsp;&nbsp;&nbsp;&nbsp; Komisja Krajowa NSZZ &bdquo;Solidarno\u015b\u0107&rdquo;, dzia\u0142aj\u0105c na podstawie &sect; 42 ust. 6 Statutu&nbsp; NSZZ &bdquo;Solidarno\u015b\u0107&rdquo;, postanawia scedowa\u0107 uprawnienie wynikaj\u0105ce z &sect; 17 ust. 3 Uchwa\u0142y KK nr 17\/08 ws. zasad rejestracji i wyrejestrowywania oraz funkcjonowania bran\u017cowych jednostek organizacyjnych Zwi\u0105zku, dotycz\u0105ce podejmowania decyzji w sprawie zatwierdzania Regulamin&oacute;w wewn\u0119trznych krajowych sekretariat&oacute;w bran\u017cowych oraz Krajowego Sekretariatu [&hellip;]<\/p>\n","protected":false},"author":3,"featured_media":0,"comment_status":"closed","ping_status":"closed","sticky":false,"template":"","format":"standard","meta":{"footnotes":""},"categories":[76,8],"tags":[310,340,98,62,102],"class_list":["post-6792","post","type-post","status-publish","format-standard","hentry","category-2015kk","category-dokkk","tag-310","tag-29-15","tag-kk","tag-uchwala","tag-uchwala-kk"],"_links":{"self":[{"href":"https:\/\/www.solidarnosc.org.pl\/dok\/wp-json\/wp\/v2\/posts\/6792","targetHints":{"allow":["GET"]}}],"collection":[{"href":"https:\/\/www.solidarnosc.org.pl\/dok\/wp-json\/wp\/v2\/posts"}],"about":[{"href":"https:\/\/www.solidarnosc.org.pl\/dok\/wp-json\/wp\/v2\/types\/post"}],"author":[{"embeddable":true,"href":"https:\/\/www.solidarnosc.org.pl\/dok\/wp-json\/wp\/v2\/users\/3"}],"replies":[{"embeddable":true,"href":"https:\/\/www.solidarnosc.org.pl\/dok\/wp-json\/wp\/v2\/comments?post=6792"}],"version-history":[{"count":0,"href":"https:\/\/www.solidarnosc.org.pl\/dok\/wp-json\/wp\/v2\/posts\/6792\/revisions"}],"wp:attachment":[{"href":"https:\/\/www.solidarnosc.org.pl\/dok\/wp-json\/wp\/v2\/media?parent=6792"}],"wp:term":[{"taxonomy":"category","embeddable":true,"href":"https:\/\/www.solidarnosc.org.pl\/dok\/wp-json\/wp\/v2\/categories?post=6792"},{"taxonomy":"post_tag","embeddable":true,"href":"https:\/\/www.solidarnosc.org.pl\/dok\/wp-json\/wp\/v2\/tags?post=6792"}],"curies":[{"name":"wp","href":"https:\/\/api.w.org\/{rel}","templated":true}]}}