{"id":6759,"date":"2015-08-18T13:49:27","date_gmt":"2015-08-18T11:49:27","guid":{"rendered":"https:\/\/www.solidarnosc.org.pl\/dok\/?p=6759"},"modified":"2015-08-18T13:49:27","modified_gmt":"2015-08-18T11:49:27","slug":"decyzja-prezydium-kk-nr-149-15-ws-opinii-o-senackim-projekcie-ustawy-o-zmianie-ustawy-o-promocji-zatrudnienia-i-instytucjach-rynku-pracy","status":"publish","type":"post","link":"https:\/\/www.solidarnosc.org.pl\/dok\/2015\/08\/18\/decyzja-prezydium-kk-nr-149-15-ws-opinii-o-senackim-projekcie-ustawy-o-zmianie-ustawy-o-promocji-zatrudnienia-i-instytucjach-rynku-pracy\/","title":{"rendered":"Decyzja Prezydium KK nr 149\/15 ws. opinii o senackim projekcie ustawy o zmianie ustawy o promocji zatrudnienia  i instytucjach rynku pracy"},"content":{"rendered":"<p>\n\tPrezydium Komisji Krajowej NSZZ &bdquo;Solidarno\u015b\u0107&rdquo; pozytywnie opiniuje senacki projekt(druk nr 1008<em>) <\/em>ustawy o zmianie ustawy o promocji zatrudnienia i instytucjach rynku pracy.<\/p>\n<p>\n\tProjekt zak\u0142ada rozszerzenie prawa do ubiegania si\u0119 o zasi\u0142ek dla bezrobotnych wobec os&oacute;b, kt&oacute;re sprawowa\u0142y opiek\u0119 nad niepe\u0142nosprawnymi, w zwi\u0105zku z czym by\u0142y wy\u0142\u0105czone&nbsp;z rynku pracy. Wyp\u0142ata zasi\u0142ku ma na celu zapewnienie \u015brodk&oacute;w utrzymania ww. os&oacute;b&nbsp;z uwagi na utrat\u0119 przez nie prawa do \u015bwiadcze\u0144 spo\u0142ecznych spowodowan\u0105 ustaniem opieki (\u015bmier\u0107 niepe\u0142nosprawnego). Przedstawione przez wnioskodawc&oacute;w argumenty s\u0105 uzasadnione spo\u0142ecznie, natomiast w zakresie ekonomicznym nale\u017cy dokona\u0107 szczeg&oacute;\u0142owej analizy finansowej. Dane o wydatkach na poziomie 68 mln z\u0142 nie zosta\u0142y dostatecznie wykazane w uzasadnieniu projektu, a z uwagi na skutki finansowe ewentualnej zmiany ustawy dla Funduszu Pracy konieczna jest realna ocena. W tym zakresie projekt wymaga uzupe\u0142nienia.<\/p>\n<p><\/p>\n","protected":false},"excerpt":{"rendered":"<p>Prezydium Komisji Krajowej NSZZ &bdquo;Solidarno\u015b\u0107&rdquo; pozytywnie opiniuje senacki projekt(druk nr 1008) ustawy o zmianie ustawy o promocji zatrudnienia i instytucjach rynku pracy. Projekt zak\u0142ada rozszerzenie prawa do ubiegania si\u0119 o zasi\u0142ek dla bezrobotnych wobec os&oacute;b, kt&oacute;re sprawowa\u0142y opiek\u0119 nad niepe\u0142nosprawnymi, w zwi\u0105zku z czym by\u0142y wy\u0142\u0105czone&nbsp;z rynku pracy. Wyp\u0142ata zasi\u0142ku ma na celu zapewnienie \u015brodk&oacute;w [&hellip;]<\/p>\n","protected":false},"author":3,"featured_media":0,"comment_status":"closed","ping_status":"closed","sticky":false,"template":"","format":"standard","meta":{"footnotes":""},"categories":[75,9],"tags":[1480,310,61,536,534],"class_list":["post-6759","post","type-post","status-publish","format-standard","hentry","category-2015prezydium","category-dokprez","tag-149-15","tag-310","tag-decyzja","tag-decyzja-prezydium","tag-prezydium"],"_links":{"self":[{"href":"https:\/\/www.solidarnosc.org.pl\/dok\/wp-json\/wp\/v2\/posts\/6759","targetHints":{"allow":["GET"]}}],"collection":[{"href":"https:\/\/www.solidarnosc.org.pl\/dok\/wp-json\/wp\/v2\/posts"}],"about":[{"href":"https:\/\/www.solidarnosc.org.pl\/dok\/wp-json\/wp\/v2\/types\/post"}],"author":[{"embeddable":true,"href":"https:\/\/www.solidarnosc.org.pl\/dok\/wp-json\/wp\/v2\/users\/3"}],"replies":[{"embeddable":true,"href":"https:\/\/www.solidarnosc.org.pl\/dok\/wp-json\/wp\/v2\/comments?post=6759"}],"version-history":[{"count":0,"href":"https:\/\/www.solidarnosc.org.pl\/dok\/wp-json\/wp\/v2\/posts\/6759\/revisions"}],"wp:attachment":[{"href":"https:\/\/www.solidarnosc.org.pl\/dok\/wp-json\/wp\/v2\/media?parent=6759"}],"wp:term":[{"taxonomy":"category","embeddable":true,"href":"https:\/\/www.solidarnosc.org.pl\/dok\/wp-json\/wp\/v2\/categories?post=6759"},{"taxonomy":"post_tag","embeddable":true,"href":"https:\/\/www.solidarnosc.org.pl\/dok\/wp-json\/wp\/v2\/tags?post=6759"}],"curies":[{"name":"wp","href":"https:\/\/api.w.org\/{rel}","templated":true}]}}