{"id":675,"date":"1994-10-01T10:44:51","date_gmt":"1994-10-01T09:44:51","guid":{"rendered":"http:\/\/www.solidarnosc.org.pl\/dok\/?p=675"},"modified":"2012-12-10T10:32:30","modified_gmt":"2012-12-10T09:32:30","slug":"uchwala-nr-211994-ws-trybu-przyjmowania-projektow-uchwal-na-zwyczajnej-sesji-krajowego-zjazdu-delegatow","status":"publish","type":"post","link":"https:\/\/www.solidarnosc.org.pl\/dok\/1994\/10\/01\/uchwala-nr-211994-ws-trybu-przyjmowania-projektow-uchwal-na-zwyczajnej-sesji-krajowego-zjazdu-delegatow\/","title":{"rendered":"Uchwa\u0142a nr 21\/1994 ws. trybu przyjmowania projekt\u00f3w uchwa\u0142  na zwyczajnej sesji Krajowego Zjazdu Delegat\u00f3w"},"content":{"rendered":"<p style=\"text-align: justify;\"><span style=\"color: #ff0000;\">Anulowana Uchwa\u0142\u0105 nr 15 XXVI KZD<\/span><\/p>\n<p style=\"text-align: justify;\"><strong>Delegaci VI Krajowego Zjazdu NSZZ &#8222;Solidarno\u015b\u0107&#8221; postanawiaj\u0105, \u017ce uchwa\u0142y przedstawione do rozpatrzenia na ka\u017cdej kolejnej zwyczajnej sesji Krajowego Zjazdu Delegat\u00f3w winne by\u0107 zg\u0142aszane Komisji Krajowej na pi\u015bmie co najmniej na dwana\u015bcie tygodni przed rozpocz\u0119ciem obrad Krajowego Zjazdu. Upowa\u017cnieni do ich zg\u0142aszania s\u0105 delegaci na Krajowy Zjazd Delegat\u00f3w, statutowe jednostki organizacyjne i statutowe struktury bran\u017cowe, kt\u00f3re zg\u0142aszaj\u0105 projekty za po\u015brednictwem odpowiednio regionalnego lub krajowego szczebla organizacyjnego Zwi\u0105zku lub grupy pi\u0119ciu delegat\u00f3w. <\/strong><\/p>\n<p style=\"text-align: justify;\"><strong>\u00a0<\/strong><strong>\u00a0 \u00a0 \u00a0 \u00a0 \u00a0 \u00a0 Regiony\u00a0\u00a0 i\u00a0 delegaci\u00a0 otrzymaj\u0105\u00a0 program\u00a0 obrad Zjazdu wraz\u00a0<\/strong><strong>z projektami uchwa\u0142 co najmniej osiem tygodni przed rozpocz\u0119ciem zwyczajnej sesji KZD. Propozycje poprawek (uzupe\u0142nie\u0144) do otrzymanego programu obrad i projekt\u00f3w uchwa\u0142 mog\u0105 z\u0142o\u017cy\u0107 do Komisji Krajowej delegaci i regiony co najmniej na cztery tygodnie przed rozpocz\u0119ciem obrad Zjazdu.<\/strong><\/p>\n<p style=\"text-align: justify;\"><strong>\u00a0<\/strong><strong>\u00a0 \u00a0 \u00a0 \u00a0 \u00a0 \u00a0 Krajowy Zjazd Delegat\u00f3w na swej zwyczajnej sesji b\u0119dzie rozpatrywa\u0142 projekty uchwa\u0142 zg\u0142oszone w wy\u017cej wymieniony spos\u00f3b oraz te, kt\u00f3re wynikn\u0119\u0142y z nag\u0142ej sytuacji. Projekty tych ostatnich mog\u0105 by\u0107 omawiane jedynie w\u00f3wczas, gdy odpowiednia komisja zjazdowa zadecyduje, \u017ce nie mog\u0142y by\u0107 zg\u0142oszone wcze\u015bniej na pi\u015bmie oraz waga ich wymaga rozpatrzenia przez KZD.<\/strong><\/p>\n<p style=\"text-align: justify;\"><strong>\u00a0<\/strong><strong>\u00a0 \u00a0 \u00a0 \u00a0 \u00a0 \u00a0 Dodatkowo Krajowy Zjazd Delegat\u00f3w zaleca przyj\u0119cie podobnych\u00a0<\/strong><strong>w intencji uchwa\u0142 do stosowania podczas obrad walnych zebra\u0144 delegat\u00f3w region\u00f3w, sekcji krajowych i kongres\u00f3w sekretariat\u00f3w.<\/strong><\/p>\n<p style=\"text-align: justify;\"><strong>Wyj\u0105tkiem\u00a0\u00a0 od\u00a0 tych\u00a0 zasad\u00a0 jest\u00a0 uchwa\u0142a\u00a0 programowa\u00a0 NSZZ &#8222;Solidarno\u015b\u0107&#8221;. Projekt uchwa\u0142y programowej przygotowuje Zjazdowa Komisja Programowa i rozsy\u0142a do delegat\u00f3w na sze\u015b\u0107 tygodni przed\u00a0 posiedzeniem\u00a0 sesji\u00a0 KZD.\u00a0 Delegaci swoje uwagi i propozycje zmian do projektu mog\u0105 przekaza\u0107 do Zjazdowej Komisji Programowej przed<br \/>\ni w trakcie obrad Krajowego Zjazdu.<\/strong><\/p>\n","protected":false},"excerpt":{"rendered":"<p>Anulowana Uchwa\u0142\u0105 nr 15 XXVI KZD Delegaci VI Krajowego Zjazdu NSZZ &#8222;Solidarno\u015b\u0107&#8221; postanawiaj\u0105, \u017ce uchwa\u0142y przedstawione do rozpatrzenia na ka\u017cdej kolejnej zwyczajnej sesji Krajowego Zjazdu Delegat\u00f3w winne by\u0107 zg\u0142aszane Komisji Krajowej na pi\u015bmie co najmniej na dwana\u015bcie tygodni przed rozpocz\u0119ciem obrad Krajowego Zjazdu. Upowa\u017cnieni do ich zg\u0142aszania s\u0105 delegaci na Krajowy Zjazd Delegat\u00f3w, statutowe jednostki [&hellip;]<\/p>\n","protected":false},"author":3,"featured_media":0,"comment_status":"closed","ping_status":"closed","sticky":false,"template":"","format":"standard","meta":{"footnotes":""},"categories":[23,16],"tags":[2833,2855,2636,62,2638],"class_list":["post-675","post","type-post","status-publish","format-standard","hentry","category-6kzd","category-dokkzd","tag-2833","tag-21-1994","tag-kzd","tag-uchwala","tag-uchwala-kzd"],"_links":{"self":[{"href":"https:\/\/www.solidarnosc.org.pl\/dok\/wp-json\/wp\/v2\/posts\/675","targetHints":{"allow":["GET"]}}],"collection":[{"href":"https:\/\/www.solidarnosc.org.pl\/dok\/wp-json\/wp\/v2\/posts"}],"about":[{"href":"https:\/\/www.solidarnosc.org.pl\/dok\/wp-json\/wp\/v2\/types\/post"}],"author":[{"embeddable":true,"href":"https:\/\/www.solidarnosc.org.pl\/dok\/wp-json\/wp\/v2\/users\/3"}],"replies":[{"embeddable":true,"href":"https:\/\/www.solidarnosc.org.pl\/dok\/wp-json\/wp\/v2\/comments?post=675"}],"version-history":[{"count":2,"href":"https:\/\/www.solidarnosc.org.pl\/dok\/wp-json\/wp\/v2\/posts\/675\/revisions"}],"predecessor-version":[{"id":4088,"href":"https:\/\/www.solidarnosc.org.pl\/dok\/wp-json\/wp\/v2\/posts\/675\/revisions\/4088"}],"wp:attachment":[{"href":"https:\/\/www.solidarnosc.org.pl\/dok\/wp-json\/wp\/v2\/media?parent=675"}],"wp:term":[{"taxonomy":"category","embeddable":true,"href":"https:\/\/www.solidarnosc.org.pl\/dok\/wp-json\/wp\/v2\/categories?post=675"},{"taxonomy":"post_tag","embeddable":true,"href":"https:\/\/www.solidarnosc.org.pl\/dok\/wp-json\/wp\/v2\/tags?post=675"}],"curies":[{"name":"wp","href":"https:\/\/api.w.org\/{rel}","templated":true}]}}