{"id":665,"date":"1994-10-01T10:39:40","date_gmt":"1994-10-01T09:39:40","guid":{"rendered":"http:\/\/www.solidarnosc.org.pl\/dok\/?p=665"},"modified":"2012-10-01T10:40:48","modified_gmt":"2012-10-01T08:40:48","slug":"uchwala-nr-181994-ws-akt-stasi","status":"publish","type":"post","link":"https:\/\/www.solidarnosc.org.pl\/dok\/1994\/10\/01\/uchwala-nr-181994-ws-akt-stasi\/","title":{"rendered":"Uchwa\u0142a nr 18\/1994 ws. akt STASI"},"content":{"rendered":"<p style=\"text-align: justify;\"><strong>Delegaci\u00a0 VI Krajowego Zjazdu NSZZ &#8222;Solidarno\u015b\u0107&#8221; zobowi\u0105zuj\u0105\u00a0 Komisj\u0119\u00a0 Krajow\u0105\u00a0 do\u00a0 powo\u0142ania \u00a0zespo\u0142u z\u0142o\u017conego z przedstawicieli region\u00f3w, w celu wyst\u0105pienia do Urz\u0119du pastora Gaucka o udost\u0119pnienie dokument\u00f3w dotycz\u0105cych os\u00f3b wsp\u00f3\u0142pracuj\u0105cych ze s\u0142u\u017cbami STASI &#8211; na podstawie indywidualnych wniosk\u00f3w cz\u0142onk\u00f3w NSZZ &#8222;Solidarno\u015b\u0107&#8221; &#8211; wyra\u017caj\u0105cych ch\u0119\u0107 poddania si\u0119 lustracji. Przedstawicieli do zespo\u0142u wy\u0142oni\u0105 zarz\u0105dy region\u00f3w i przeka\u017c\u0105 wymagane informacje do Prezydium Komisji Krajowej w ci\u0105gu miesi\u0105ca od zako\u0144czenia obecnego Zjazdu.\u00a0<\/strong><\/p>\n","protected":false},"excerpt":{"rendered":"<p>Delegaci\u00a0 VI Krajowego Zjazdu NSZZ &#8222;Solidarno\u015b\u0107&#8221; zobowi\u0105zuj\u0105\u00a0 Komisj\u0119\u00a0 Krajow\u0105\u00a0 do\u00a0 powo\u0142ania \u00a0zespo\u0142u z\u0142o\u017conego z przedstawicieli region\u00f3w, w celu wyst\u0105pienia do Urz\u0119du pastora Gaucka o udost\u0119pnienie dokument\u00f3w dotycz\u0105cych os\u00f3b wsp\u00f3\u0142pracuj\u0105cych ze s\u0142u\u017cbami STASI &#8211; na podstawie indywidualnych wniosk\u00f3w cz\u0142onk\u00f3w NSZZ &#8222;Solidarno\u015b\u0107&#8221; &#8211; wyra\u017caj\u0105cych ch\u0119\u0107 poddania si\u0119 lustracji. Przedstawicieli do zespo\u0142u wy\u0142oni\u0105 zarz\u0105dy region\u00f3w i przeka\u017c\u0105 wymagane [&hellip;]<\/p>\n","protected":false},"author":3,"featured_media":0,"comment_status":"closed","ping_status":"closed","sticky":false,"template":"","format":"standard","meta":{"footnotes":""},"categories":[23,16],"tags":[2852,2833,2636,62,2638],"class_list":["post-665","post","type-post","status-publish","format-standard","hentry","category-6kzd","category-dokkzd","tag-18-1994","tag-2833","tag-kzd","tag-uchwala","tag-uchwala-kzd"],"_links":{"self":[{"href":"https:\/\/www.solidarnosc.org.pl\/dok\/wp-json\/wp\/v2\/posts\/665","targetHints":{"allow":["GET"]}}],"collection":[{"href":"https:\/\/www.solidarnosc.org.pl\/dok\/wp-json\/wp\/v2\/posts"}],"about":[{"href":"https:\/\/www.solidarnosc.org.pl\/dok\/wp-json\/wp\/v2\/types\/post"}],"author":[{"embeddable":true,"href":"https:\/\/www.solidarnosc.org.pl\/dok\/wp-json\/wp\/v2\/users\/3"}],"replies":[{"embeddable":true,"href":"https:\/\/www.solidarnosc.org.pl\/dok\/wp-json\/wp\/v2\/comments?post=665"}],"version-history":[{"count":1,"href":"https:\/\/www.solidarnosc.org.pl\/dok\/wp-json\/wp\/v2\/posts\/665\/revisions"}],"predecessor-version":[{"id":667,"href":"https:\/\/www.solidarnosc.org.pl\/dok\/wp-json\/wp\/v2\/posts\/665\/revisions\/667"}],"wp:attachment":[{"href":"https:\/\/www.solidarnosc.org.pl\/dok\/wp-json\/wp\/v2\/media?parent=665"}],"wp:term":[{"taxonomy":"category","embeddable":true,"href":"https:\/\/www.solidarnosc.org.pl\/dok\/wp-json\/wp\/v2\/categories?post=665"},{"taxonomy":"post_tag","embeddable":true,"href":"https:\/\/www.solidarnosc.org.pl\/dok\/wp-json\/wp\/v2\/tags?post=665"}],"curies":[{"name":"wp","href":"https:\/\/api.w.org\/{rel}","templated":true}]}}