{"id":662,"date":"1994-10-01T10:37:57","date_gmt":"1994-10-01T09:37:57","guid":{"rendered":"http:\/\/www.solidarnosc.org.pl\/dok\/?p=662"},"modified":"2012-10-01T10:39:22","modified_gmt":"2012-10-01T08:39:22","slug":"uchwala-nr-171994-ws-powrotu-polakow-z-kazachstanu","status":"publish","type":"post","link":"https:\/\/www.solidarnosc.org.pl\/dok\/1994\/10\/01\/uchwala-nr-171994-ws-powrotu-polakow-z-kazachstanu\/","title":{"rendered":"Uchwa\u0142a nr 17\/1994 ws. powrotu Polak\u00f3w z Kazachstanu"},"content":{"rendered":"<p style=\"text-align: justify;\"><strong>Delegaci VI Krajowego\u00a0 Zjazdu\u00a0 zwracaj\u0105\u00a0 si\u0119\u00a0 do \u00a0w\u0142adz\u00a0 RP o\u00a0 podj\u0119cie\u00a0\u00a0 szybkich i konkretnych\u00a0\u00a0 dzia\u0142a\u0144\u00a0\u00a0 zmierzaj\u0105cych do stworzenia mo\u017cliwo\u015bci powrotu naszych rodak\u00f3w z odleg\u0142ych step\u00f3w Kazachstanu. <\/strong><\/p>\n<p style=\"text-align: justify;\"><strong>\u00a0\u00a0 \u00a0\u00a0\u00a0\u00a0\u00a0\u00a0\u00a0\u00a0 Delegaci domagaj\u0105 si\u0119 od w\u0142adz RP stworzenia repatriantom godziwych\u00a0 warunk\u00f3w\u00a0 \u017cycia.\u00a0 Nasi\u00a0 rodacy\u00a0 maj\u0105\u00a0 prawo powrotu do Polski z &#8222;nieludzkiej ziemi&#8221;. <\/strong><\/p>\n<p><strong>\u00a0\u00a0 \u00a0\u00a0\u00a0\u00a0\u00a0\u00a0\u00a0\u00a0 Decydentom Delegaci dedykuj\u0105 motto: <\/strong><\/p>\n<p><strong>J<em>e\u015bli ja zapomn\u0119 o nich, Ty, Bo\u017ce, zapomnij o mnie!<\/em><\/strong><\/p>\n","protected":false},"excerpt":{"rendered":"<p>Delegaci VI Krajowego\u00a0 Zjazdu\u00a0 zwracaj\u0105\u00a0 si\u0119\u00a0 do \u00a0w\u0142adz\u00a0 RP o\u00a0 podj\u0119cie\u00a0\u00a0 szybkich i konkretnych\u00a0\u00a0 dzia\u0142a\u0144\u00a0\u00a0 zmierzaj\u0105cych do stworzenia mo\u017cliwo\u015bci powrotu naszych rodak\u00f3w z odleg\u0142ych step\u00f3w Kazachstanu. \u00a0\u00a0 \u00a0\u00a0\u00a0\u00a0\u00a0\u00a0\u00a0\u00a0 Delegaci domagaj\u0105 si\u0119 od w\u0142adz RP stworzenia repatriantom godziwych\u00a0 warunk\u00f3w\u00a0 \u017cycia.\u00a0 Nasi\u00a0 rodacy\u00a0 maj\u0105\u00a0 prawo powrotu do Polski z &#8222;nieludzkiej ziemi&#8221;. \u00a0\u00a0 \u00a0\u00a0\u00a0\u00a0\u00a0\u00a0\u00a0\u00a0 Decydentom Delegaci dedykuj\u0105 motto: [&hellip;]<\/p>\n","protected":false},"author":3,"featured_media":0,"comment_status":"closed","ping_status":"closed","sticky":false,"template":"","format":"standard","meta":{"footnotes":""},"categories":[23,16],"tags":[2851,2833,2636,62,2638],"class_list":["post-662","post","type-post","status-publish","format-standard","hentry","category-6kzd","category-dokkzd","tag-17-1994","tag-2833","tag-kzd","tag-uchwala","tag-uchwala-kzd"],"_links":{"self":[{"href":"https:\/\/www.solidarnosc.org.pl\/dok\/wp-json\/wp\/v2\/posts\/662","targetHints":{"allow":["GET"]}}],"collection":[{"href":"https:\/\/www.solidarnosc.org.pl\/dok\/wp-json\/wp\/v2\/posts"}],"about":[{"href":"https:\/\/www.solidarnosc.org.pl\/dok\/wp-json\/wp\/v2\/types\/post"}],"author":[{"embeddable":true,"href":"https:\/\/www.solidarnosc.org.pl\/dok\/wp-json\/wp\/v2\/users\/3"}],"replies":[{"embeddable":true,"href":"https:\/\/www.solidarnosc.org.pl\/dok\/wp-json\/wp\/v2\/comments?post=662"}],"version-history":[{"count":1,"href":"https:\/\/www.solidarnosc.org.pl\/dok\/wp-json\/wp\/v2\/posts\/662\/revisions"}],"predecessor-version":[{"id":664,"href":"https:\/\/www.solidarnosc.org.pl\/dok\/wp-json\/wp\/v2\/posts\/662\/revisions\/664"}],"wp:attachment":[{"href":"https:\/\/www.solidarnosc.org.pl\/dok\/wp-json\/wp\/v2\/media?parent=662"}],"wp:term":[{"taxonomy":"category","embeddable":true,"href":"https:\/\/www.solidarnosc.org.pl\/dok\/wp-json\/wp\/v2\/categories?post=662"},{"taxonomy":"post_tag","embeddable":true,"href":"https:\/\/www.solidarnosc.org.pl\/dok\/wp-json\/wp\/v2\/tags?post=662"}],"curies":[{"name":"wp","href":"https:\/\/api.w.org\/{rel}","templated":true}]}}