{"id":646,"date":"1994-10-01T10:26:38","date_gmt":"1994-10-01T09:26:38","guid":{"rendered":"http:\/\/www.solidarnosc.org.pl\/dok\/?p=646"},"modified":"2012-10-01T10:28:46","modified_gmt":"2012-10-01T08:28:46","slug":"uchwala-nr-131994-ws-scigania-zbrodni-popelnionych-w-okresie-prl-przeciw-spoleczenstwu-polskiemu","status":"publish","type":"post","link":"https:\/\/www.solidarnosc.org.pl\/dok\/1994\/10\/01\/uchwala-nr-131994-ws-scigania-zbrodni-popelnionych-w-okresie-prl-przeciw-spoleczenstwu-polskiemu\/","title":{"rendered":"Uchwa\u0142a nr 13\/1994 ws. \u015bcigania zbrodni pope\u0142nionych w okresie PRL  przeciw spo\u0142ecze\u0144stwu polskiemu"},"content":{"rendered":"<p style=\"text-align: justify;\"><strong>Rok 1989 mia\u0142 zamkn\u0105\u0107 w Polsce okres rz\u0105d\u00f3w totalitarnych i lekcewa\u017cenia praworz\u0105dno\u015bci. Naturalnym by\u0142o oczekiwanie, \u017ce zbrodnie pope\u0142nione przeciw naszemu spo\u0142ecze\u0144stwu zostan\u0105\u00a0<\/strong><strong>sprawiedliwie os\u0105dzone. Niestety, tak nie jest.<\/strong><\/p>\n<p style=\"text-align: justify;\"><strong>\u00a0\u00a0 \u00a0\u00a0\u00a0\u00a0\u00a0\u00a0\u00a0\u00a0 \u015aledztwo w sprawie sprawc\u00f3w zbrodni w Grudniu 1970 na Wybrze\u017cu jest ponad wszelk\u0105 miar\u0119 wyd\u0142u\u017cane. Grozi to bezkarno\u015bci\u0105 sprawc\u00f3w ze wzgl\u0119du na zbli\u017caj\u0105cy si\u0119 termin przedawnienia. <\/strong><\/p>\n<p style=\"text-align: justify;\"><strong>\u00a0\u00a0 \u00a0\u00a0\u00a0\u00a0\u00a0\u00a0\u00a0\u00a0 Oburzaj\u0105cy\u00a0 jest\u00a0 przebieg\u00a0 procesu\u00a0 przeciw winnym zab\u00f3jstw w kopalni &#8222;Wujek&#8221; i w Lubinie oraz pacyfikacji kopalni &#8222;Manifest Lipcowy&#8221; w grudniu 1981 r. Niepokoi tak\u017ce fakt, \u017ce cz\u0119\u015b\u0107 oskar\u017conych jest obecnie zatrudniona w policji. <\/strong><\/p>\n<p style=\"text-align: justify;\"><strong>\u00a0\u00a0 \u00a0\u00a0\u00a0\u00a0\u00a0\u00a0\u00a0\u00a0 Opisane sytuacje stanowi\u0105 kompromitacj\u0119 polskich s\u0105d\u00f3w i organ\u00f3w \u015bcigania oraz polityk\u00f3w odpowiedzialnych za ich funkcjonowanie.<\/strong><\/p>\n<p style=\"text-align: justify;\"><strong>\u00a0\u00a0 \u00a0\u00a0\u00a0\u00a0\u00a0\u00a0\u00a0\u00a0 Delegaci VI Krajowego Zjazdu NSZZ &#8222;Solidarno\u015b\u0107&#8221; domagaj\u0105 si\u0119: <\/strong><\/p>\n<p style=\"text-align: justify;\"><strong>1. Szybkiego zako\u0144czenia \u015bledztwa w sprawie zbrodni pope\u0142nionych na Wybrze\u017cu w grudniu 1970 i os\u0105dzenia winnych;<\/strong><\/p>\n<p style=\"text-align: justify;\"><strong>2. Zawieszenia w czynno\u015bciach\u00a0 s\u0142u\u017cbowych\u00a0 os\u00f3b oskar\u017conych o zbrodnie pope\u0142nione w KWK &#8222;Wujek&#8221; i &#8222;Manifest Lipcowy&#8221;;<\/strong><\/p>\n<p style=\"text-align: justify;\"><strong>3. Zakwalifikowania zbrodni roku 1970 i okresu stanu wojennego jako zbrodni przeciwko ludzko\u015bci, kt\u00f3re mie podlegaj\u0105 przedawnieniu;<\/strong><\/p>\n<p style=\"text-align: justify;\"><strong>4. Przyj\u0119cia ustawy o zawieszeniu biegu przedawnienia w stosunku do przest\u0119pstw nie \u015bciganych z przyczyn politycznych w latach 1944-1989.\u00a0<\/strong><\/p>\n<p style=\"text-align: justify;\"><strong>W 24. rocznic\u0119 Grudniowej Masakry na Wybrze\u017cu i w 13. rocznic\u0119 zbrodni w KWK &#8222;Wujek&#8221; delegaci VI Krajowego Zjazdu zobowi\u0105zuj\u0105 Komisj\u0119 Krajow\u0105 do zorganizowania akcji pikietowania budynk\u00f3w rz\u0105dowych w Warszawie, pod powy\u017cszymi has\u0142ami adresowanymi do kompetentnych os\u00f3b i instytucji.\u00a0<\/strong><\/p>\n","protected":false},"excerpt":{"rendered":"<p>Rok 1989 mia\u0142 zamkn\u0105\u0107 w Polsce okres rz\u0105d\u00f3w totalitarnych i lekcewa\u017cenia praworz\u0105dno\u015bci. Naturalnym by\u0142o oczekiwanie, \u017ce zbrodnie pope\u0142nione przeciw naszemu spo\u0142ecze\u0144stwu zostan\u0105\u00a0sprawiedliwie os\u0105dzone. Niestety, tak nie jest. \u00a0\u00a0 \u00a0\u00a0\u00a0\u00a0\u00a0\u00a0\u00a0\u00a0 \u015aledztwo w sprawie sprawc\u00f3w zbrodni w Grudniu 1970 na Wybrze\u017cu jest ponad wszelk\u0105 miar\u0119 wyd\u0142u\u017cane. Grozi to bezkarno\u015bci\u0105 sprawc\u00f3w ze wzgl\u0119du na zbli\u017caj\u0105cy si\u0119 termin przedawnienia. [&hellip;]<\/p>\n","protected":false},"author":3,"featured_media":0,"comment_status":"closed","ping_status":"closed","sticky":false,"template":"","format":"standard","meta":{"footnotes":""},"categories":[23,16],"tags":[2847,2833,2636,62,2638],"class_list":["post-646","post","type-post","status-publish","format-standard","hentry","category-6kzd","category-dokkzd","tag-13-1994","tag-2833","tag-kzd","tag-uchwala","tag-uchwala-kzd"],"_links":{"self":[{"href":"https:\/\/www.solidarnosc.org.pl\/dok\/wp-json\/wp\/v2\/posts\/646","targetHints":{"allow":["GET"]}}],"collection":[{"href":"https:\/\/www.solidarnosc.org.pl\/dok\/wp-json\/wp\/v2\/posts"}],"about":[{"href":"https:\/\/www.solidarnosc.org.pl\/dok\/wp-json\/wp\/v2\/types\/post"}],"author":[{"embeddable":true,"href":"https:\/\/www.solidarnosc.org.pl\/dok\/wp-json\/wp\/v2\/users\/3"}],"replies":[{"embeddable":true,"href":"https:\/\/www.solidarnosc.org.pl\/dok\/wp-json\/wp\/v2\/comments?post=646"}],"version-history":[{"count":1,"href":"https:\/\/www.solidarnosc.org.pl\/dok\/wp-json\/wp\/v2\/posts\/646\/revisions"}],"predecessor-version":[{"id":648,"href":"https:\/\/www.solidarnosc.org.pl\/dok\/wp-json\/wp\/v2\/posts\/646\/revisions\/648"}],"wp:attachment":[{"href":"https:\/\/www.solidarnosc.org.pl\/dok\/wp-json\/wp\/v2\/media?parent=646"}],"wp:term":[{"taxonomy":"category","embeddable":true,"href":"https:\/\/www.solidarnosc.org.pl\/dok\/wp-json\/wp\/v2\/categories?post=646"},{"taxonomy":"post_tag","embeddable":true,"href":"https:\/\/www.solidarnosc.org.pl\/dok\/wp-json\/wp\/v2\/tags?post=646"}],"curies":[{"name":"wp","href":"https:\/\/api.w.org\/{rel}","templated":true}]}}