{"id":6424,"date":"2015-01-07T09:16:15","date_gmt":"2015-01-07T08:16:15","guid":{"rendered":"https:\/\/www.solidarnosc.org.pl\/dok\/?p=6424"},"modified":"2015-01-07T09:16:15","modified_gmt":"2015-01-07T08:16:15","slug":"decyzja-prezydium-kk-nr-6-15-ws-udzialu-jako-partner-w-szkoleniu-etui-poswieconym-zagadnieniom-dialogu-spolecznego-i-rokowan-zbiorowych","status":"publish","type":"post","link":"https:\/\/www.solidarnosc.org.pl\/dok\/2015\/01\/07\/decyzja-prezydium-kk-nr-6-15-ws-udzialu-jako-partner-w-szkoleniu-etui-poswieconym-zagadnieniom-dialogu-spolecznego-i-rokowan-zbiorowych\/","title":{"rendered":"Decyzja Prezydium KK nr 6\/15 ws. udzia\u0142u jako partner w szkoleniu ETUI po\u015bwi\u0119conym zagadnieniom dialogu spo\u0142ecznego  i rokowa\u0144 zbiorowych"},"content":{"rendered":"<p>\n\t&nbsp;<\/p>\n<p>\n\t&nbsp;&nbsp;&nbsp;&nbsp;&nbsp;&nbsp;&nbsp;&nbsp;&nbsp;&nbsp;&nbsp; Prezydium Komisji Krajowej NSZZ &bdquo;Solidarno\u015b\u0107&rdquo; postanawia, \u017ce Zwi\u0105zek we\u017amie udzia\u0142, jako partner w szkoleniu po\u015bwi\u0119conym zagadnieniom dialogu spo\u0142ecznego i rokowa\u0144 zbiorowych, kt&oacute;rego g\u0142&oacute;wnym organizatorem jest ETUI. Szkolenie odb\u0119dzie si\u0119 we W\u0142oszech, w marcu 2015 r. Drug\u0105 organizacj\u0105 partnersk\u0105 b\u0119dzie CISL.<\/p>\n<p>\n\t&nbsp;<\/p>\n<p>\n\tNSZZ &bdquo;Solidarno\u015b\u0107&rdquo; jako partner zobowi\u0105zuje si\u0119 do:<\/p>\n<p style=\"margin-left:36.0pt\">\n\t&#8211;&nbsp;&nbsp;&nbsp;&nbsp;&nbsp;&nbsp;&nbsp; zapewnienia 1 trenera na czas szkolenia (koszt pracy trenera refundowany przez ETUI),<\/p>\n<p style=\"margin-left:36.0pt\">\n\t&#8211;&nbsp;&nbsp;&nbsp;&nbsp;&nbsp;&nbsp;&nbsp; zapewnienia 4 uczestnik&oacute;w (nale\u017cy wnie\u015b\u0107 bezzwrotn\u0105 op\u0142at\u0119 za ka\u017cdego uczestni&nbsp;z tytu\u0142u udzia\u0142u w szkoleniu),<\/p>\n<p style=\"margin-left:36.0pt\">\n\t&#8211;&nbsp;&nbsp;&nbsp;&nbsp;&nbsp;&nbsp;&nbsp; koszty przelotu uczestnik&oacute;w i trenera podlegaj\u0105 ca\u0142kowitej refundacji. Pozosta\u0142e koszty poniesie ETUI.<\/p>\n<p>\n\t&nbsp;<\/p>\n<p>\n\tOsob\u0105 odpowiedzialn\u0105 za wsp&oacute;\u0142prac\u0119 w ramach tego szkolenie b\u0119dzie Agnieszka Rybczy\u0144ska.<\/p>\n<p style=\"margin-left:36.0pt\">\n\t&nbsp;<\/p>\n<p><\/p>\n","protected":false},"excerpt":{"rendered":"<p>&nbsp; &nbsp;&nbsp;&nbsp;&nbsp;&nbsp;&nbsp;&nbsp;&nbsp;&nbsp;&nbsp;&nbsp; Prezydium Komisji Krajowej NSZZ &bdquo;Solidarno\u015b\u0107&rdquo; postanawia, \u017ce Zwi\u0105zek we\u017amie udzia\u0142, jako partner w szkoleniu po\u015bwi\u0119conym zagadnieniom dialogu spo\u0142ecznego i rokowa\u0144 zbiorowych, kt&oacute;rego g\u0142&oacute;wnym organizatorem jest ETUI. Szkolenie odb\u0119dzie si\u0119 we W\u0142oszech, w marcu 2015 r. Drug\u0105 organizacj\u0105 partnersk\u0105 b\u0119dzie CISL. &nbsp; NSZZ &bdquo;Solidarno\u015b\u0107&rdquo; jako partner zobowi\u0105zuje si\u0119 do: &#8211;&nbsp;&nbsp;&nbsp;&nbsp;&nbsp;&nbsp;&nbsp; zapewnienia 1 trenera na [&hellip;]<\/p>\n","protected":false},"author":3,"featured_media":0,"comment_status":"closed","ping_status":"closed","sticky":false,"template":"","format":"standard","meta":{"footnotes":""},"categories":[75,9],"tags":[310,316,61,536,534],"class_list":["post-6424","post","type-post","status-publish","format-standard","hentry","category-2015prezydium","category-dokprez","tag-310","tag-6-15","tag-decyzja","tag-decyzja-prezydium","tag-prezydium"],"_links":{"self":[{"href":"https:\/\/www.solidarnosc.org.pl\/dok\/wp-json\/wp\/v2\/posts\/6424","targetHints":{"allow":["GET"]}}],"collection":[{"href":"https:\/\/www.solidarnosc.org.pl\/dok\/wp-json\/wp\/v2\/posts"}],"about":[{"href":"https:\/\/www.solidarnosc.org.pl\/dok\/wp-json\/wp\/v2\/types\/post"}],"author":[{"embeddable":true,"href":"https:\/\/www.solidarnosc.org.pl\/dok\/wp-json\/wp\/v2\/users\/3"}],"replies":[{"embeddable":true,"href":"https:\/\/www.solidarnosc.org.pl\/dok\/wp-json\/wp\/v2\/comments?post=6424"}],"version-history":[{"count":0,"href":"https:\/\/www.solidarnosc.org.pl\/dok\/wp-json\/wp\/v2\/posts\/6424\/revisions"}],"wp:attachment":[{"href":"https:\/\/www.solidarnosc.org.pl\/dok\/wp-json\/wp\/v2\/media?parent=6424"}],"wp:term":[{"taxonomy":"category","embeddable":true,"href":"https:\/\/www.solidarnosc.org.pl\/dok\/wp-json\/wp\/v2\/categories?post=6424"},{"taxonomy":"post_tag","embeddable":true,"href":"https:\/\/www.solidarnosc.org.pl\/dok\/wp-json\/wp\/v2\/tags?post=6424"}],"curies":[{"name":"wp","href":"https:\/\/api.w.org\/{rel}","templated":true}]}}