{"id":6288,"date":"2014-10-19T09:34:00","date_gmt":"2014-10-19T07:34:00","guid":{"rendered":"https:\/\/www.solidarnosc.org.pl\/dok\/?p=6288"},"modified":"2014-10-19T09:34:00","modified_gmt":"2014-10-19T07:34:00","slug":"uchwala-nr-15-xxvii-kzd-krajowy-zjazd-delegatow-nszz-solidarnosc-dzialajac-na-podstawie-60-ust-3-statutu-nszz-solidarnosc-wprowadza-nastepujaca-zmiane-w-19-ust-8-statutu-nszz-solidarnosc","status":"publish","type":"post","link":"https:\/\/www.solidarnosc.org.pl\/dok\/2014\/10\/19\/uchwala-nr-15-xxvii-kzd-krajowy-zjazd-delegatow-nszz-solidarnosc-dzialajac-na-podstawie-60-ust-3-statutu-nszz-solidarnosc-wprowadza-nastepujaca-zmiane-w-19-ust-8-statutu-nszz-solidarnosc\/","title":{"rendered":"UCHWA\u0141A NR 15 XXVII KZD Krajowy Zjazd Delegat\u00f3w NSZZ \u201eSolidarno\u015b\u0107\u201d, dzia\u0142aj\u0105c na podstawie \u00a7 60 ust. 3 Statutu NSZZ \u201eSolidarno\u015b\u0107\u201d, wprowadza nast\u0119puj\u0105c\u0105 zmian\u0119 w \u00a7 19 ust. 8 Statutu NSZZ \u201eSolidarno\u015b\u0107\u201d."},"content":{"rendered":"<p>\n\tW &sect; 19 ust. 8 dotychczasowy tekst zast\u0119puje si\u0119 nast\u0119puj\u0105cym tekstem:<\/p>\n<p>\n\t8. Organizacja zak\u0142adowa lub mi\u0119dzyzak\u0142adowa, kt&oacute;ra w wyniku zmiany struktury pracodawcy utraci\u0142a status podstawowej jednostki organizacyjnej Zwi\u0105zku, mo\u017ce na wniosek w\u0142adzy <strong>wykonawczej<\/strong> podstawowej jednostki organizacyjnej Zwi\u0105zku, kt&oacute;rej sta\u0142a si\u0119 cz\u0119\u015bci\u0105, zosta\u0107 zarejestrowana &ndash; przez w\u0142a\u015bciwy terytorialnie zarz\u0105d regionu&nbsp;<strong>z uwzgl\u0119dnieniem zapis&oacute;w &sect; 40 ust. 2<\/strong> &ndash; jako organizacja podzak\u0142adowa.<\/p>\n<p>\n\t&nbsp;<\/p>\n<p><\/p>\n","protected":false},"excerpt":{"rendered":"<p>W &sect; 19 ust. 8 dotychczasowy tekst zast\u0119puje si\u0119 nast\u0119puj\u0105cym tekstem: 8. Organizacja zak\u0142adowa lub mi\u0119dzyzak\u0142adowa, kt&oacute;ra w wyniku zmiany struktury pracodawcy utraci\u0142a status podstawowej jednostki organizacyjnej Zwi\u0105zku, mo\u017ce na wniosek w\u0142adzy wykonawczej podstawowej jednostki organizacyjnej Zwi\u0105zku, kt&oacute;rej sta\u0142a si\u0119 cz\u0119\u015bci\u0105, zosta\u0107 zarejestrowana &ndash; przez w\u0142a\u015bciwy terytorialnie zarz\u0105d regionu&nbsp;z uwzgl\u0119dnieniem zapis&oacute;w &sect; 40 ust. 2 [&hellip;]<\/p>\n","protected":false},"author":3,"featured_media":0,"comment_status":"closed","ping_status":"closed","sticky":false,"template":"","format":"standard","meta":{"footnotes":""},"categories":[74,16],"tags":[3133,270,2636,62,2638,3121],"class_list":["post-6288","post","type-post","status-publish","format-standard","hentry","category-27kzd","category-dokkzd","tag-15-xxvii-kzd","tag-270","tag-kzd","tag-uchwala","tag-uchwala-kzd","tag-xxvii-kzd"],"_links":{"self":[{"href":"https:\/\/www.solidarnosc.org.pl\/dok\/wp-json\/wp\/v2\/posts\/6288","targetHints":{"allow":["GET"]}}],"collection":[{"href":"https:\/\/www.solidarnosc.org.pl\/dok\/wp-json\/wp\/v2\/posts"}],"about":[{"href":"https:\/\/www.solidarnosc.org.pl\/dok\/wp-json\/wp\/v2\/types\/post"}],"author":[{"embeddable":true,"href":"https:\/\/www.solidarnosc.org.pl\/dok\/wp-json\/wp\/v2\/users\/3"}],"replies":[{"embeddable":true,"href":"https:\/\/www.solidarnosc.org.pl\/dok\/wp-json\/wp\/v2\/comments?post=6288"}],"version-history":[{"count":0,"href":"https:\/\/www.solidarnosc.org.pl\/dok\/wp-json\/wp\/v2\/posts\/6288\/revisions"}],"wp:attachment":[{"href":"https:\/\/www.solidarnosc.org.pl\/dok\/wp-json\/wp\/v2\/media?parent=6288"}],"wp:term":[{"taxonomy":"category","embeddable":true,"href":"https:\/\/www.solidarnosc.org.pl\/dok\/wp-json\/wp\/v2\/categories?post=6288"},{"taxonomy":"post_tag","embeddable":true,"href":"https:\/\/www.solidarnosc.org.pl\/dok\/wp-json\/wp\/v2\/tags?post=6288"}],"curies":[{"name":"wp","href":"https:\/\/api.w.org\/{rel}","templated":true}]}}