{"id":6275,"date":"2014-10-15T12:33:33","date_gmt":"2014-10-15T10:33:33","guid":{"rendered":"https:\/\/www.solidarnosc.org.pl\/dok\/?p=6275"},"modified":"2014-10-15T12:33:33","modified_gmt":"2014-10-15T10:33:33","slug":"decyzja-prezydium-kk-nr-1-14-ws-opinii-o-poselskim-klub-sld-projekcie-ustawy-o-zmianie-ustawy-o-podatku-dochodowym-od-osob-fizycznych","status":"publish","type":"post","link":"https:\/\/www.solidarnosc.org.pl\/dok\/2014\/10\/15\/decyzja-prezydium-kk-nr-1-14-ws-opinii-o-poselskim-klub-sld-projekcie-ustawy-o-zmianie-ustawy-o-podatku-dochodowym-od-osob-fizycznych\/","title":{"rendered":"Decyzja Prezydium KK nr 1\/14 ws. opinii o poselskim (klub SLD) projekcie ustawy o zmianie ustawy o podatku dochodowym od os\u00f3b fizycznych"},"content":{"rendered":"<p>\n\tPrezydium Komisji Krajowej NSZZ &bdquo;Solidarno\u015b\u0107&rdquo; pozytywnie ocenia kierunek zmian zaproponowanych w projekcie ustawy o zmianie ustawy o podatku dochodowym od os&oacute;b fizycznych, podkre\u015blaj\u0105c jednocze\u015bnie, i\u017c zaproponowane rozwi\u0105zania s\u0105 niewystarczaj\u0105ce<br \/>\n\ti nie wp\u0142yn\u0105 znacz\u0105co na popraw\u0119 sytuacji materialnej polskich rodzin.<\/p>\n<p>\n\t&nbsp;&nbsp;&nbsp;&nbsp;&nbsp;&nbsp;&nbsp;&nbsp;&nbsp;&nbsp;&nbsp; Celem zmiany jest przede wszystkim wola zmniejszenia obci\u0105\u017ce\u0144 podatkowych os&oacute;b najmniej zarabiaj\u0105cych oraz zmniejszenie rozwarstwienia spo\u0142ecznego, do kt&oacute;rego przyczynia si\u0119 m.in. obecny system podatkowy. Jednak\u017ce przy proponowanej w projekcie stawce podatkowej 15%, pracownik otrzymuj\u0105cy wynagrodzenie minimalne wynosz\u0105ce 1750 z\u0142 (minimalne wynagrodzenie w roku 2015) otrzyma\u0142by jedynie 42 z\u0142 netto wi\u0119cej ni\u017c przy stawce podatkowej wynosz\u0105cej 18%.<\/p>\n<p>\n\t&nbsp;&nbsp;&nbsp;&nbsp;&nbsp;&nbsp;&nbsp;&nbsp;&nbsp;&nbsp;&nbsp; Nale\u017cy podkre\u015bli\u0107 r&oacute;wnie\u017c, \u017ce obok zmian w stawkach podatkowych, konieczne jest zwi\u0119kszenie kwoty wolnej od podatku. Kwota przyj\u0119ta w Polsce nale\u017cy do najni\u017cszych<br \/>\n\tw Europie. Takie dzia\u0142anie mia\u0142oby pozytywny wp\u0142yw nie tylko na wynagrodzenie netto Polak&oacute;w, ale r&oacute;wnie\u017c stanowi\u0142oby efektywny bodziec wzrostowy dla gospodarki.<\/p>\n<p>\n\t&nbsp;<\/p>\n<p><\/p>\n","protected":false},"excerpt":{"rendered":"<p>Prezydium Komisji Krajowej NSZZ &bdquo;Solidarno\u015b\u0107&rdquo; pozytywnie ocenia kierunek zmian zaproponowanych w projekcie ustawy o zmianie ustawy o podatku dochodowym od os&oacute;b fizycznych, podkre\u015blaj\u0105c jednocze\u015bnie, i\u017c zaproponowane rozwi\u0105zania s\u0105 niewystarczaj\u0105ce i nie wp\u0142yn\u0105 znacz\u0105co na popraw\u0119 sytuacji materialnej polskich rodzin. &nbsp;&nbsp;&nbsp;&nbsp;&nbsp;&nbsp;&nbsp;&nbsp;&nbsp;&nbsp;&nbsp; Celem zmiany jest przede wszystkim wola zmniejszenia obci\u0105\u017ce\u0144 podatkowych os&oacute;b najmniej zarabiaj\u0105cych oraz zmniejszenie rozwarstwienia [&hellip;]<\/p>\n","protected":false},"author":3,"featured_media":0,"comment_status":"closed","ping_status":"closed","sticky":false,"template":"","format":"standard","meta":{"footnotes":""},"categories":[73,9],"tags":[300,270,61,536,534],"class_list":["post-6275","post","type-post","status-publish","format-standard","hentry","category-2014prezydium","category-dokprez","tag-1-14","tag-270","tag-decyzja","tag-decyzja-prezydium","tag-prezydium"],"_links":{"self":[{"href":"https:\/\/www.solidarnosc.org.pl\/dok\/wp-json\/wp\/v2\/posts\/6275","targetHints":{"allow":["GET"]}}],"collection":[{"href":"https:\/\/www.solidarnosc.org.pl\/dok\/wp-json\/wp\/v2\/posts"}],"about":[{"href":"https:\/\/www.solidarnosc.org.pl\/dok\/wp-json\/wp\/v2\/types\/post"}],"author":[{"embeddable":true,"href":"https:\/\/www.solidarnosc.org.pl\/dok\/wp-json\/wp\/v2\/users\/3"}],"replies":[{"embeddable":true,"href":"https:\/\/www.solidarnosc.org.pl\/dok\/wp-json\/wp\/v2\/comments?post=6275"}],"version-history":[{"count":0,"href":"https:\/\/www.solidarnosc.org.pl\/dok\/wp-json\/wp\/v2\/posts\/6275\/revisions"}],"wp:attachment":[{"href":"https:\/\/www.solidarnosc.org.pl\/dok\/wp-json\/wp\/v2\/media?parent=6275"}],"wp:term":[{"taxonomy":"category","embeddable":true,"href":"https:\/\/www.solidarnosc.org.pl\/dok\/wp-json\/wp\/v2\/categories?post=6275"},{"taxonomy":"post_tag","embeddable":true,"href":"https:\/\/www.solidarnosc.org.pl\/dok\/wp-json\/wp\/v2\/tags?post=6275"}],"curies":[{"name":"wp","href":"https:\/\/api.w.org\/{rel}","templated":true}]}}