{"id":6273,"date":"2014-10-09T12:22:49","date_gmt":"2014-10-09T10:22:49","guid":{"rendered":"https:\/\/www.solidarnosc.org.pl\/dok\/?p=6273"},"modified":"2024-10-15T14:03:12","modified_gmt":"2024-10-15T12:03:12","slug":"uchwala-kk-nr-1-14-ws-etatow-dla-czlonkow-prezydium-kk","status":"publish","type":"post","link":"https:\/\/www.solidarnosc.org.pl\/dok\/2014\/10\/09\/uchwala-kk-nr-1-14-ws-etatow-dla-czlonkow-prezydium-kk\/","title":{"rendered":"Uchwa\u0142a KK nr 1\/14 ws. etat\u00f3w dla cz\u0142onk\u00f3w Prezydium KK"},"content":{"rendered":"<p style=\"text-align: justify;\">Komisja Krajowa NSZZ \u201eSolidarno\u015b\u0107\u201d na podstawie \u00a7 36 ust. 2 Ordynacji Wyborczej KZD oraz \u00a7\u00a7 2 i 3 Uchwa\u0142y nr 8 XIX KZD postanawia, \u017ce jej prezydium liczy\u0107 b\u0119dzie 7 cz\u0142onk\u00f3w wraz z Przewodnicz\u0105cym KK i przydziela nast\u0119puj\u0105ce wielko\u015bci etat\u00f3w:<\/p>\n<p style=\"margin-left: 3cm; text-align: justify;\">Bogdan Bi\u015b \u2013 zast\u0119pca przewodnicz\u0105cego KK, w wymiarze 1 etatu, z wynagrodzeniem okre\u015blonym Uchwa\u0142\u0105 KK nr 23\/10;<\/p>\n<p style=\"margin-left: 3cm; text-align: justify;\">Tadeusz Majchrowicz \u2013 zast\u0119pca przewodnicz\u0105cego KK, w wymiarze 7\/8 etatu,\u00a0z wynagrodzeniem okre\u015blonym Uchwa\u0142\u0105 KK nr 23\/10;<\/p>\n<p style=\"margin-left: 3cm; text-align: justify;\">Bogdan Kubiak \u2013 zast\u0119pca przewodnicz\u0105cego KK, w wymiarze 7\/8 etatu,\u00a0z wynagrodzeniem okre\u015blonym Uchwa\u0142\u0105 KK nr 23\/10;<\/p>\n<p style=\"margin-left: 3cm; text-align: justify;\">Jerzy Jaworski \u2013 zast\u0119pca przewodnicz\u0105cego KK\/ skarbnik KK, w wymiarze 1 etatu,\u00a0z wynagrodzeniem okre\u015blonym Uchwa\u0142\u0105 KK nr 23\/10;<\/p>\n<p style=\"margin-left: 3cm; text-align: justify;\">Ewa Zydorek \u2013 sekretarz KK, w wymiarze 1 etatu, z wynagrodzeniem okre\u015blonym Uchwa\u0142\u0105 KK nr 23\/10;<\/p>\n<p style=\"margin-left: 3cm; text-align: justify;\">Henryk Nakonieczny \u2013 cz\u0142onek prezydium KK, w wymiarze 1 etatu, z wynagrodzeniem okre\u015blonym Uchwa\u0142\u0105 KK nr 23\/10.<\/p>\n","protected":false},"excerpt":{"rendered":"<p>Komisja Krajowa NSZZ \u201eSolidarno\u015b\u0107\u201d na podstawie \u00a7 36 ust. 2 Ordynacji Wyborczej KZD oraz \u00a7\u00a7 2 i 3 Uchwa\u0142y nr 8 XIX KZD postanawia, \u017ce jej prezydium liczy\u0107 b\u0119dzie 7 cz\u0142onk\u00f3w wraz z Przewodnicz\u0105cym KK i przydziela nast\u0119puj\u0105ce wielko\u015bci etat\u00f3w: Bogdan Bi\u015b \u2013 zast\u0119pca przewodnicz\u0105cego KK, w wymiarze 1 etatu, z wynagrodzeniem okre\u015blonym Uchwa\u0142\u0105 KK [&hellip;]<\/p>\n","protected":false},"author":3,"featured_media":0,"comment_status":"closed","ping_status":"closed","sticky":false,"template":"","format":"standard","meta":{"footnotes":""},"categories":[72,8],"tags":[300,270,98,62,102],"class_list":["post-6273","post","type-post","status-publish","format-standard","hentry","category-2014kk","category-dokkk","tag-1-14","tag-270","tag-kk","tag-uchwala","tag-uchwala-kk"],"_links":{"self":[{"href":"https:\/\/www.solidarnosc.org.pl\/dok\/wp-json\/wp\/v2\/posts\/6273","targetHints":{"allow":["GET"]}}],"collection":[{"href":"https:\/\/www.solidarnosc.org.pl\/dok\/wp-json\/wp\/v2\/posts"}],"about":[{"href":"https:\/\/www.solidarnosc.org.pl\/dok\/wp-json\/wp\/v2\/types\/post"}],"author":[{"embeddable":true,"href":"https:\/\/www.solidarnosc.org.pl\/dok\/wp-json\/wp\/v2\/users\/3"}],"replies":[{"embeddable":true,"href":"https:\/\/www.solidarnosc.org.pl\/dok\/wp-json\/wp\/v2\/comments?post=6273"}],"version-history":[{"count":1,"href":"https:\/\/www.solidarnosc.org.pl\/dok\/wp-json\/wp\/v2\/posts\/6273\/revisions"}],"predecessor-version":[{"id":12611,"href":"https:\/\/www.solidarnosc.org.pl\/dok\/wp-json\/wp\/v2\/posts\/6273\/revisions\/12611"}],"wp:attachment":[{"href":"https:\/\/www.solidarnosc.org.pl\/dok\/wp-json\/wp\/v2\/media?parent=6273"}],"wp:term":[{"taxonomy":"category","embeddable":true,"href":"https:\/\/www.solidarnosc.org.pl\/dok\/wp-json\/wp\/v2\/categories?post=6273"},{"taxonomy":"post_tag","embeddable":true,"href":"https:\/\/www.solidarnosc.org.pl\/dok\/wp-json\/wp\/v2\/tags?post=6273"}],"curies":[{"name":"wp","href":"https:\/\/api.w.org\/{rel}","templated":true}]}}