{"id":6269,"date":"2014-10-09T09:52:59","date_gmt":"2014-10-09T07:52:59","guid":{"rendered":"https:\/\/www.solidarnosc.org.pl\/dok\/?p=6269"},"modified":"2014-10-09T09:52:59","modified_gmt":"2014-10-09T07:52:59","slug":"uchwala-nr-13-xxvii-kzd-ws-zmian-w-statucie","status":"publish","type":"post","link":"https:\/\/www.solidarnosc.org.pl\/dok\/2014\/10\/09\/uchwala-nr-13-xxvii-kzd-ws-zmian-w-statucie\/","title":{"rendered":"UCHWA\u0141A NR 13  XXVII KZD ws. zmian w Statucie"},"content":{"rendered":"<p>\n\tKrajowy Zjazd Delegat&oacute;w NSZZ &bdquo;Solidarno\u015b\u0107&rdquo;, dzia\u0142aj\u0105c na podstawie &sect; 60 ust. 3 Statutu NSZZ &bdquo;Solidarno\u015b\u0107&rdquo;, wprowadza nast\u0119puj\u0105ce zmiany w &sect; 40 Statutu NSZZ &bdquo;Solidarno\u015b\u0107&rdquo;:<\/p>\n<p>\n\t&nbsp;<\/p>\n<p>\n\t1.&nbsp;&nbsp;&nbsp;&nbsp;&nbsp; W &sect; 40 ust.2 po s\u0142owie &bdquo;postanowie\u0144&rdquo; dodaje si\u0119 tre\u015b\u0107: <strong>ust. 3 i<\/strong>.<\/p>\n<p>\n\t2.&nbsp;&nbsp;&nbsp;&nbsp;&nbsp; W &sect; 40 dodaje si\u0119 ust. 3 o tre\u015bci:<\/p>\n<p>\n\t<strong>3.&nbsp;&nbsp;&nbsp;&nbsp;&nbsp; <\/strong><strong>W przypadku, gdy dana jednostka organizacyjna funkcjonuje na terenie wi\u0119cej ni\u017c jednego regionu, jej w\u0142adza stanowi\u0105ca, na wniosek wi\u0119kszo\u015bci cz\u0142onk&oacute;w Zwi\u0105zku z tego regionu, w kt&oacute;rym liczba cz\u0142onk&oacute;w tej organizacji wynosi co najmniej dziesi\u0119\u0107 os&oacute;b, ma obowi\u0105zek utworzy\u0107 na terenie tego regionu organizacj\u0119 oddzia\u0142ow\u0105. Tak utworzone wewn\u0119trzne jednostki organizacyjne musz\u0105 zosta\u0107 zarejestrowane w regionie, na terenie kt&oacute;rego dzia\u0142aj\u0105.<\/strong><\/p>\n<p><\/p>\n","protected":false},"excerpt":{"rendered":"<p>Krajowy Zjazd Delegat&oacute;w NSZZ &bdquo;Solidarno\u015b\u0107&rdquo;, dzia\u0142aj\u0105c na podstawie &sect; 60 ust. 3 Statutu NSZZ &bdquo;Solidarno\u015b\u0107&rdquo;, wprowadza nast\u0119puj\u0105ce zmiany w &sect; 40 Statutu NSZZ &bdquo;Solidarno\u015b\u0107&rdquo;: &nbsp; 1.&nbsp;&nbsp;&nbsp;&nbsp;&nbsp; W &sect; 40 ust.2 po s\u0142owie &bdquo;postanowie\u0144&rdquo; dodaje si\u0119 tre\u015b\u0107: ust. 3 i. 2.&nbsp;&nbsp;&nbsp;&nbsp;&nbsp; W &sect; 40 dodaje si\u0119 ust. 3 o tre\u015bci: 3.&nbsp;&nbsp;&nbsp;&nbsp;&nbsp; W przypadku, gdy dana jednostka [&hellip;]<\/p>\n","protected":false},"author":3,"featured_media":0,"comment_status":"closed","ping_status":"closed","sticky":false,"template":"","format":"standard","meta":{"footnotes":""},"categories":[74,16],"tags":[270,2636,62,2638,3121],"class_list":["post-6269","post","type-post","status-publish","format-standard","hentry","category-27kzd","category-dokkzd","tag-270","tag-kzd","tag-uchwala","tag-uchwala-kzd","tag-xxvii-kzd"],"_links":{"self":[{"href":"https:\/\/www.solidarnosc.org.pl\/dok\/wp-json\/wp\/v2\/posts\/6269","targetHints":{"allow":["GET"]}}],"collection":[{"href":"https:\/\/www.solidarnosc.org.pl\/dok\/wp-json\/wp\/v2\/posts"}],"about":[{"href":"https:\/\/www.solidarnosc.org.pl\/dok\/wp-json\/wp\/v2\/types\/post"}],"author":[{"embeddable":true,"href":"https:\/\/www.solidarnosc.org.pl\/dok\/wp-json\/wp\/v2\/users\/3"}],"replies":[{"embeddable":true,"href":"https:\/\/www.solidarnosc.org.pl\/dok\/wp-json\/wp\/v2\/comments?post=6269"}],"version-history":[{"count":0,"href":"https:\/\/www.solidarnosc.org.pl\/dok\/wp-json\/wp\/v2\/posts\/6269\/revisions"}],"wp:attachment":[{"href":"https:\/\/www.solidarnosc.org.pl\/dok\/wp-json\/wp\/v2\/media?parent=6269"}],"wp:term":[{"taxonomy":"category","embeddable":true,"href":"https:\/\/www.solidarnosc.org.pl\/dok\/wp-json\/wp\/v2\/categories?post=6269"},{"taxonomy":"post_tag","embeddable":true,"href":"https:\/\/www.solidarnosc.org.pl\/dok\/wp-json\/wp\/v2\/tags?post=6269"}],"curies":[{"name":"wp","href":"https:\/\/api.w.org\/{rel}","templated":true}]}}