{"id":6134,"date":"2014-08-27T12:48:09","date_gmt":"2014-08-27T10:48:09","guid":{"rendered":"https:\/\/www.solidarnosc.org.pl\/dok\/?p=6134"},"modified":"2024-10-15T14:19:59","modified_gmt":"2024-10-15T12:19:59","slug":"stanowisko-kk-nr-7-2014-ws-polityki-placowej-rzadu-wobec-pracownikow-panstwowej-sfery-budzetowej","status":"publish","type":"post","link":"https:\/\/www.solidarnosc.org.pl\/dok\/2014\/08\/27\/stanowisko-kk-nr-7-2014-ws-polityki-placowej-rzadu-wobec-pracownikow-panstwowej-sfery-budzetowej\/","title":{"rendered":"Stanowisko KK nr 7\/2014 ws. polityki p\u0142acowej rz\u0105du wobec pracownik\u00f3w pa\u0144stwowej sfery bud\u017cetowej"},"content":{"rendered":"<p style=\"text-align: justify;\">Komisja Krajowa NSZZ Solidarno\u015b\u0107 wyra\u017ca g\u0142\u0119bokie zaniepokojenie kierunkiem polityki p\u0142acowej rz\u0105du w odniesieniu do pracownik\u00f3w pa\u0144stwowej sfery bud\u017cetowej.\u00a0Z za\u0142o\u017ce\u0144 bud\u017cetu pa\u0144stwa na rok 2015 wynika, \u017ce po raz kolejny mog\u0105 oni zosta\u0107 \u00a0pozbawieni wzrostu swoich wynagrodze\u0144.<\/p>\n<p style=\"text-align: justify;\">Zwracamy uwag\u0119, i\u017c w czerwcu br. Rada Unii Europejskiej zawiesi\u0142a wobec Polski procedur\u0119 nadmiernego deficytu, kt\u00f3rej wprowadzenie w 2009 r. le\u017ca\u0142o u podstaw decyzji rz\u0105du dotycz\u0105cej zamro\u017cenia p\u0142ac w sferze bud\u017cetowej. Oznacza to, \u017ce dalsze odmawianie podnoszenia wynagrodze\u0144 nie jest uzasadnione przes\u0142ankami makroekonomicznymi lecz zaczyna mie\u0107 znamiona dzia\u0142a\u0144 dyskryminacyjnych.\u00a0 Ponad p\u00f3\u0142 miliona polskich obywateli oraz ich rodzin sta\u0142o si\u0119 zak\u0142adnikami polityki rz\u0105du\u00a0 w sytuacji gdy od kilku lat nast\u0119puje wzrost realnych wynagrodze\u0144 \u00a0w ca\u0142ej gospodarce. Jest to tym bardziej naganne, \u017ce dotyka m.in. tych grup pracownik\u00f3w, kt\u00f3re pa\u0144stwo polskie wbrew ratyfikowanym przez siebie konwencjom MOP wci\u0105\u017c pozbawia prawa do podejmowania akcji zbiorowych w obronie swoich interes\u00f3w.<\/p>\n<p style=\"text-align: justify;\">Obecna polityka p\u0142acowa rz\u0105du ma skutki dewastacyjne dla stabilno\u015bci istotnych obszar\u00f3w funkcjonowania pa\u0144stwa. Trudne do spo\u0142ecznej akceptacji s\u0105 pr\u00f3by pozyskiwania \u015brodk\u00f3w na wzrost wynagrodze\u0144 indywidualnych, poprzez oszcz\u0119dno\u015bci wynikaj\u0105ce z mechanicznej redukcji zatrudnienia. Ma to niewiele wsp\u00f3lnego z racjonalizacj\u0105 zatrudnienia, lecz przyczynia si\u0119 raczej do nadmiernego obci\u0105\u017cania obowi\u0105zkami pozosta\u0142ych pracownik\u00f3w oraz do wypychania z rynku pracy os\u00f3b starszych, co stoi w jaskrawej sprzeczno\u015bci z priorytetami promowanego przez rz\u0105d programu \u201eSolidarno\u015b\u0107 pokole\u0144\u201d. O potencjalnie negatywnych skutkach utrzymywania zamro\u017cenia wynagrodze\u0144 w s\u0142u\u017cbie cywilnej alarmuje w swojej uchwale z dnia 6 maja 2014 r. Rada S\u0142u\u017cby Cywilnej.<\/p>\n<p style=\"text-align: justify;\">Komisja Krajowa NSZZ \u201eSolidarno\u015b\u0107\u201d wzywa rz\u0105d RP do dokonania takiej weryfikacji za\u0142o\u017ce\u0144 bud\u017cetowych na rok 2015, by \u015brednioroczny wska\u017anik wzrostu wynagrodze\u0144 dla pracownik\u00f3w pa\u0144stwowej sfery bud\u017cetowej wyni\u00f3s\u0142 co najmniej 9%, zgodnie ze wsp\u00f3ln\u0105 propozycj\u0105 trzech reprezentatywnych central zwi\u0105zkowych.\u00a0 Jest to wezwanie wystosowane w duchu dialogu. Jednak\u017ce w przypadku braku reakcji rz\u0105du, NSZZ \u201eSolidarno\u015b\u0107\u201d rozwa\u017cy wszelkie dost\u0119pne \u015brodki, kt\u00f3re pomog\u0105 pracownikom sfery bud\u017cetowej w walce o ich s\u0142uszne prawa, a tak\u017ce\u00a0 przyczyni\u0105 si\u0119 do zwr\u00f3cenia uwagi krajowej i europejskiej opinii publicznej na obecn\u0105 patologiczn\u0105 sytuacj\u0119.<\/p>\n","protected":false},"excerpt":{"rendered":"<p>Komisja Krajowa NSZZ Solidarno\u015b\u0107 wyra\u017ca g\u0142\u0119bokie zaniepokojenie kierunkiem polityki p\u0142acowej rz\u0105du w odniesieniu do pracownik\u00f3w pa\u0144stwowej sfery bud\u017cetowej.\u00a0Z za\u0142o\u017ce\u0144 bud\u017cetu pa\u0144stwa na rok 2015 wynika, \u017ce po raz kolejny mog\u0105 oni zosta\u0107 \u00a0pozbawieni wzrostu swoich wynagrodze\u0144. Zwracamy uwag\u0119, i\u017c w czerwcu br. Rada Unii Europejskiej zawiesi\u0142a wobec Polski procedur\u0119 nadmiernego deficytu, kt\u00f3rej wprowadzenie w 2009 [&hellip;]<\/p>\n","protected":false},"author":3,"featured_media":0,"comment_status":"closed","ping_status":"closed","sticky":false,"template":"","format":"standard","meta":{"footnotes":""},"categories":[72,8],"tags":[270,277,98,63,100],"class_list":["post-6134","post","type-post","status-publish","format-standard","hentry","category-2014kk","category-dokkk","tag-270","tag-7-2014","tag-kk","tag-stanowisko","tag-stanowisko-kk"],"_links":{"self":[{"href":"https:\/\/www.solidarnosc.org.pl\/dok\/wp-json\/wp\/v2\/posts\/6134","targetHints":{"allow":["GET"]}}],"collection":[{"href":"https:\/\/www.solidarnosc.org.pl\/dok\/wp-json\/wp\/v2\/posts"}],"about":[{"href":"https:\/\/www.solidarnosc.org.pl\/dok\/wp-json\/wp\/v2\/types\/post"}],"author":[{"embeddable":true,"href":"https:\/\/www.solidarnosc.org.pl\/dok\/wp-json\/wp\/v2\/users\/3"}],"replies":[{"embeddable":true,"href":"https:\/\/www.solidarnosc.org.pl\/dok\/wp-json\/wp\/v2\/comments?post=6134"}],"version-history":[{"count":1,"href":"https:\/\/www.solidarnosc.org.pl\/dok\/wp-json\/wp\/v2\/posts\/6134\/revisions"}],"predecessor-version":[{"id":12618,"href":"https:\/\/www.solidarnosc.org.pl\/dok\/wp-json\/wp\/v2\/posts\/6134\/revisions\/12618"}],"wp:attachment":[{"href":"https:\/\/www.solidarnosc.org.pl\/dok\/wp-json\/wp\/v2\/media?parent=6134"}],"wp:term":[{"taxonomy":"category","embeddable":true,"href":"https:\/\/www.solidarnosc.org.pl\/dok\/wp-json\/wp\/v2\/categories?post=6134"},{"taxonomy":"post_tag","embeddable":true,"href":"https:\/\/www.solidarnosc.org.pl\/dok\/wp-json\/wp\/v2\/tags?post=6134"}],"curies":[{"name":"wp","href":"https:\/\/api.w.org\/{rel}","templated":true}]}}