{"id":6130,"date":"2014-08-26T12:32:18","date_gmt":"2014-08-26T10:32:18","guid":{"rendered":"https:\/\/www.solidarnosc.org.pl\/dok\/?p=6130"},"modified":"2014-08-26T12:32:18","modified_gmt":"2014-08-26T10:32:18","slug":"decyzja-prezydium-kk-nr-214-2014-ws-zmiany-decyzji-prezydium-kk-nr-196-2014","status":"publish","type":"post","link":"https:\/\/www.solidarnosc.org.pl\/dok\/2014\/08\/26\/decyzja-prezydium-kk-nr-214-2014-ws-zmiany-decyzji-prezydium-kk-nr-196-2014\/","title":{"rendered":"Decyzja Prezydium KK nr 214\/2014 ws. zmiany decyzji Prezydium KK nr 196\/2014"},"content":{"rendered":"<p>\n\t(do u\u017cytku s\u0142u\u017cbowego)<\/p>\n<p><\/p>\n","protected":false},"excerpt":{"rendered":"<p>(do u\u017cytku s\u0142u\u017cbowego)<\/p>\n","protected":false},"author":3,"featured_media":0,"comment_status":"closed","ping_status":"closed","sticky":false,"template":"","format":"standard","meta":{"footnotes":""},"categories":[73,9],"tags":[1280,270,1298,61,536,534],"class_list":["post-6130","post","type-post","status-publish","format-standard","hentry","category-2014prezydium","category-dokprez","tag-196-2014","tag-270","tag-214-2014","tag-decyzja","tag-decyzja-prezydium","tag-prezydium"],"_links":{"self":[{"href":"https:\/\/www.solidarnosc.org.pl\/dok\/wp-json\/wp\/v2\/posts\/6130","targetHints":{"allow":["GET"]}}],"collection":[{"href":"https:\/\/www.solidarnosc.org.pl\/dok\/wp-json\/wp\/v2\/posts"}],"about":[{"href":"https:\/\/www.solidarnosc.org.pl\/dok\/wp-json\/wp\/v2\/types\/post"}],"author":[{"embeddable":true,"href":"https:\/\/www.solidarnosc.org.pl\/dok\/wp-json\/wp\/v2\/users\/3"}],"replies":[{"embeddable":true,"href":"https:\/\/www.solidarnosc.org.pl\/dok\/wp-json\/wp\/v2\/comments?post=6130"}],"version-history":[{"count":0,"href":"https:\/\/www.solidarnosc.org.pl\/dok\/wp-json\/wp\/v2\/posts\/6130\/revisions"}],"wp:attachment":[{"href":"https:\/\/www.solidarnosc.org.pl\/dok\/wp-json\/wp\/v2\/media?parent=6130"}],"wp:term":[{"taxonomy":"category","embeddable":true,"href":"https:\/\/www.solidarnosc.org.pl\/dok\/wp-json\/wp\/v2\/categories?post=6130"},{"taxonomy":"post_tag","embeddable":true,"href":"https:\/\/www.solidarnosc.org.pl\/dok\/wp-json\/wp\/v2\/tags?post=6130"}],"curies":[{"name":"wp","href":"https:\/\/api.w.org\/{rel}","templated":true}]}}