{"id":6100,"date":"2014-08-19T10:50:01","date_gmt":"2014-08-19T08:50:01","guid":{"rendered":"https:\/\/www.solidarnosc.org.pl\/dok\/?p=6100"},"modified":"2014-08-19T10:50:01","modified_gmt":"2014-08-19T08:50:01","slug":"decyzja-prezydium-kk-nr-197-2014-ws-ws-opinii-o-projekcie-rozporzadzenia-mg-w-sprawie-ryzyk-majacych-wplyw-na-sposob-klasyfikacji-zobowiazan-wynikajacych-z-umow-o-partnerstwie-publiczno-prywatnym-oraz","status":"publish","type":"post","link":"https:\/\/www.solidarnosc.org.pl\/dok\/2014\/08\/19\/decyzja-prezydium-kk-nr-197-2014-ws-ws-opinii-o-projekcie-rozporzadzenia-mg-w-sprawie-ryzyk-majacych-wplyw-na-sposob-klasyfikacji-zobowiazan-wynikajacych-z-umow-o-partnerstwie-publiczno-prywatnym-oraz\/","title":{"rendered":"Decyzja Prezydium KK nr 197\/2014 ws. opinii o projekcie rozporz\u0105dzenia MG w sprawie ryzyk maj\u0105cych wp\u0142yw na spos\u00f3b klasyfikacji zobowi\u0105za\u0144 wynikaj\u0105cych z um\u00f3w o partnerstwie publiczno \u2013 prywatnym oraz czynnik\u00f3w uwzgl\u0119dnianych przy ich ocenie"},"content":{"rendered":"<p>\n\tPrezydium Komisji Krajowej NSZZ &bdquo;Solidarno\u015b\u0107&rdquo; zg\u0142asza uwagi do projektu rozporz\u0105dzenia Ministra Gospodarki w sprawie ryzyk maj\u0105cych wp\u0142yw na spos&oacute;b klasyfikacji zobowi\u0105za\u0144 wynikaj\u0105cych z um&oacute;w o partnerstwie publiczno &ndash; prywatnym oraz czynnik&oacute;w uwzgl\u0119dnianych przy ich ocenie:<\/p>\n<p style=\"margin-left:21.3pt\">\n\t1.&nbsp;&nbsp;&nbsp;&nbsp;&nbsp;&nbsp; Potwierdzamy w\u0105tpliwo\u015bci, zg\u0142aszane na etapie konsultacji mi\u0119dzyresortowych<br \/>\n\tw zakresie braku metodologii, jak\u0105 powinien przyj\u0105\u0107 podmiot publiczny przy ocenie znaczenia ryzyk cz\u0105stkowych wyr&oacute;\u017cnianych w danej kategorii ryzyka. Nale\u017cy zatem rozwa\u017cy\u0107 zmian\u0119 ustawy w zakresie delegacji ustawowej, kt&oacute;ra poszerza\u0142aby zakres rozporz\u0105dzenia o wytyczne w zakresie oceny czynnik&oacute;w. Zapewni\u0142oby to sp&oacute;jno\u015b\u0107<br \/>\n\ti przejrzysto\u015b\u0107 proponowanej regulacji.<\/p>\n<p style=\"margin-left:21.3pt\">\n\t2.&nbsp;&nbsp;&nbsp;&nbsp;&nbsp;&nbsp; Otwarty katalog czynnik&oacute;w uwzgl\u0119dnianych przy ocenie ryzyka mo\u017ce prowadzi\u0107 do nadu\u017cy\u0107 w zakresie jego oceny.<\/p>\n<p style=\"margin-left:21.3pt\">\n\t3.&nbsp;&nbsp;&nbsp;&nbsp;&nbsp;&nbsp; Nie wyra\u017camy zgody na umieszczenie we wszystkich zakresach poszczeg&oacute;lnych rodzaj&oacute;w ryzyka jako czynnik&oacute;w uwzgl\u0119dnianych przy ocenie ryzyka &ndash; tych zwi\u0105zanych<br \/>\n\tz protestami organizacji spo\u0142ecznych lub strajkami oraz z prowadzeniem spor&oacute;w. Umieszczenie takich ryzyk jest niezasadne w zwi\u0105zku z faktem, i\u017c Polska charakteryzuje si\u0119 niskim wska\u017anikiem strajk&oacute;w oraz malej\u0105cym wska\u017anikiem spor&oacute;w zbiorowych.<br \/>\n\tNie mo\u017cna wykluczy\u0107, \u017ce oferta partnera prywatnego, u kt&oacute;rego dzia\u0142aj\u0105 zwi\u0105zki zawodowe mo\u017ce by\u0107 apriori dyskredytowana, co mo\u017ce utrudnia\u0107 powstawanie organizacji zwi\u0105zkowych oraz spot\u0119gowa\u0107 dzia\u0142ania nastawione przeciwko zwi\u0105zkom zawodowym.&nbsp;<\/p>\n<p><\/p>\n","protected":false},"excerpt":{"rendered":"<p>Prezydium Komisji Krajowej NSZZ &bdquo;Solidarno\u015b\u0107&rdquo; zg\u0142asza uwagi do projektu rozporz\u0105dzenia Ministra Gospodarki w sprawie ryzyk maj\u0105cych wp\u0142yw na spos&oacute;b klasyfikacji zobowi\u0105za\u0144 wynikaj\u0105cych z um&oacute;w o partnerstwie publiczno &ndash; prywatnym oraz czynnik&oacute;w uwzgl\u0119dnianych przy ich ocenie: 1.&nbsp;&nbsp;&nbsp;&nbsp;&nbsp;&nbsp; Potwierdzamy w\u0105tpliwo\u015bci, zg\u0142aszane na etapie konsultacji mi\u0119dzyresortowych w zakresie braku metodologii, jak\u0105 powinien przyj\u0105\u0107 podmiot publiczny przy ocenie znaczenia [&hellip;]<\/p>\n","protected":false},"author":3,"featured_media":0,"comment_status":"closed","ping_status":"closed","sticky":false,"template":"","format":"standard","meta":{"footnotes":""},"categories":[73,9],"tags":[1281,270,61,536,534],"class_list":["post-6100","post","type-post","status-publish","format-standard","hentry","category-2014prezydium","category-dokprez","tag-197-2014","tag-270","tag-decyzja","tag-decyzja-prezydium","tag-prezydium"],"_links":{"self":[{"href":"https:\/\/www.solidarnosc.org.pl\/dok\/wp-json\/wp\/v2\/posts\/6100","targetHints":{"allow":["GET"]}}],"collection":[{"href":"https:\/\/www.solidarnosc.org.pl\/dok\/wp-json\/wp\/v2\/posts"}],"about":[{"href":"https:\/\/www.solidarnosc.org.pl\/dok\/wp-json\/wp\/v2\/types\/post"}],"author":[{"embeddable":true,"href":"https:\/\/www.solidarnosc.org.pl\/dok\/wp-json\/wp\/v2\/users\/3"}],"replies":[{"embeddable":true,"href":"https:\/\/www.solidarnosc.org.pl\/dok\/wp-json\/wp\/v2\/comments?post=6100"}],"version-history":[{"count":0,"href":"https:\/\/www.solidarnosc.org.pl\/dok\/wp-json\/wp\/v2\/posts\/6100\/revisions"}],"wp:attachment":[{"href":"https:\/\/www.solidarnosc.org.pl\/dok\/wp-json\/wp\/v2\/media?parent=6100"}],"wp:term":[{"taxonomy":"category","embeddable":true,"href":"https:\/\/www.solidarnosc.org.pl\/dok\/wp-json\/wp\/v2\/categories?post=6100"},{"taxonomy":"post_tag","embeddable":true,"href":"https:\/\/www.solidarnosc.org.pl\/dok\/wp-json\/wp\/v2\/tags?post=6100"}],"curies":[{"name":"wp","href":"https:\/\/api.w.org\/{rel}","templated":true}]}}