{"id":6099,"date":"2014-08-05T13:41:48","date_gmt":"2014-08-05T11:41:48","guid":{"rendered":"https:\/\/www.solidarnosc.org.pl\/dok\/?p=6099"},"modified":"2014-08-05T13:41:48","modified_gmt":"2014-08-05T11:41:48","slug":"decyzja-prezydium-kk-nr-196-2014-ws-datacji-finansowych","status":"publish","type":"post","link":"https:\/\/www.solidarnosc.org.pl\/dok\/2014\/08\/05\/decyzja-prezydium-kk-nr-196-2014-ws-datacji-finansowych\/","title":{"rendered":"Decyzja Prezydium KK nr 196\/2014 ws. datacji finansowych"},"content":{"rendered":"<p>\n\t(do u\u017cytku s\u0142u\u017cbowego)<\/p>\n<p><\/p>\n","protected":false},"excerpt":{"rendered":"<p>(do u\u017cytku s\u0142u\u017cbowego)<\/p>\n","protected":false},"author":3,"featured_media":0,"comment_status":"closed","ping_status":"closed","sticky":false,"template":"","format":"standard","meta":{"footnotes":""},"categories":[73,9],"tags":[1280,270,61,536,534],"class_list":["post-6099","post","type-post","status-publish","format-standard","hentry","category-2014prezydium","category-dokprez","tag-196-2014","tag-270","tag-decyzja","tag-decyzja-prezydium","tag-prezydium"],"_links":{"self":[{"href":"https:\/\/www.solidarnosc.org.pl\/dok\/wp-json\/wp\/v2\/posts\/6099","targetHints":{"allow":["GET"]}}],"collection":[{"href":"https:\/\/www.solidarnosc.org.pl\/dok\/wp-json\/wp\/v2\/posts"}],"about":[{"href":"https:\/\/www.solidarnosc.org.pl\/dok\/wp-json\/wp\/v2\/types\/post"}],"author":[{"embeddable":true,"href":"https:\/\/www.solidarnosc.org.pl\/dok\/wp-json\/wp\/v2\/users\/3"}],"replies":[{"embeddable":true,"href":"https:\/\/www.solidarnosc.org.pl\/dok\/wp-json\/wp\/v2\/comments?post=6099"}],"version-history":[{"count":0,"href":"https:\/\/www.solidarnosc.org.pl\/dok\/wp-json\/wp\/v2\/posts\/6099\/revisions"}],"wp:attachment":[{"href":"https:\/\/www.solidarnosc.org.pl\/dok\/wp-json\/wp\/v2\/media?parent=6099"}],"wp:term":[{"taxonomy":"category","embeddable":true,"href":"https:\/\/www.solidarnosc.org.pl\/dok\/wp-json\/wp\/v2\/categories?post=6099"},{"taxonomy":"post_tag","embeddable":true,"href":"https:\/\/www.solidarnosc.org.pl\/dok\/wp-json\/wp\/v2\/tags?post=6099"}],"curies":[{"name":"wp","href":"https:\/\/api.w.org\/{rel}","templated":true}]}}