{"id":6093,"date":"2014-07-30T09:29:54","date_gmt":"2014-07-30T07:29:54","guid":{"rendered":"https:\/\/www.solidarnosc.org.pl\/dok\/?p=6093"},"modified":"2014-07-30T09:29:54","modified_gmt":"2014-07-30T07:29:54","slug":"decyzja-prezydium-kk-nr-193-2014-ws-wyrazenia-zgody-na-uzycie-nazwy-i-znaku-graficznego-nszz-solidarnosc","status":"publish","type":"post","link":"https:\/\/www.solidarnosc.org.pl\/dok\/2014\/07\/30\/decyzja-prezydium-kk-nr-193-2014-ws-wyrazenia-zgody-na-uzycie-nazwy-i-znaku-graficznego-nszz-solidarnosc\/","title":{"rendered":"Decyzja Prezydium KK nr 193\/2014 ws. wyra\u017cenia zgody na u\u017cycie nazwy i znaku graficznego NSZZ \u201eSolidarno\u015b\u0107\u201d"},"content":{"rendered":"<p>\n\tPrezydium Komisji Krajowej NSZZ &bdquo;Solidarno\u015b\u0107&rdquo;, na wniosek Gda\u0144skiego Wydawnictwa O\u015bwiatowego, wyra\u017ca zgod\u0119 na wykorzystanie nazwy i znaku graficznego NSZZ &bdquo;Solidarno\u015b\u0107&rdquo; na kartach podr\u0119cznika &bdquo;Kalendarz sz&oacute;stoklasisty&rdquo;.<\/p>\n<p><\/p>\n","protected":false},"excerpt":{"rendered":"<p>Prezydium Komisji Krajowej NSZZ &bdquo;Solidarno\u015b\u0107&rdquo;, na wniosek Gda\u0144skiego Wydawnictwa O\u015bwiatowego, wyra\u017ca zgod\u0119 na wykorzystanie nazwy i znaku graficznego NSZZ &bdquo;Solidarno\u015b\u0107&rdquo; na kartach podr\u0119cznika &bdquo;Kalendarz sz&oacute;stoklasisty&rdquo;.<\/p>\n","protected":false},"author":3,"featured_media":0,"comment_status":"closed","ping_status":"closed","sticky":false,"template":"","format":"standard","meta":{"footnotes":""},"categories":[73,9],"tags":[1277,270,61,536,534],"class_list":["post-6093","post","type-post","status-publish","format-standard","hentry","category-2014prezydium","category-dokprez","tag-193-2014","tag-270","tag-decyzja","tag-decyzja-prezydium","tag-prezydium"],"_links":{"self":[{"href":"https:\/\/www.solidarnosc.org.pl\/dok\/wp-json\/wp\/v2\/posts\/6093","targetHints":{"allow":["GET"]}}],"collection":[{"href":"https:\/\/www.solidarnosc.org.pl\/dok\/wp-json\/wp\/v2\/posts"}],"about":[{"href":"https:\/\/www.solidarnosc.org.pl\/dok\/wp-json\/wp\/v2\/types\/post"}],"author":[{"embeddable":true,"href":"https:\/\/www.solidarnosc.org.pl\/dok\/wp-json\/wp\/v2\/users\/3"}],"replies":[{"embeddable":true,"href":"https:\/\/www.solidarnosc.org.pl\/dok\/wp-json\/wp\/v2\/comments?post=6093"}],"version-history":[{"count":0,"href":"https:\/\/www.solidarnosc.org.pl\/dok\/wp-json\/wp\/v2\/posts\/6093\/revisions"}],"wp:attachment":[{"href":"https:\/\/www.solidarnosc.org.pl\/dok\/wp-json\/wp\/v2\/media?parent=6093"}],"wp:term":[{"taxonomy":"category","embeddable":true,"href":"https:\/\/www.solidarnosc.org.pl\/dok\/wp-json\/wp\/v2\/categories?post=6093"},{"taxonomy":"post_tag","embeddable":true,"href":"https:\/\/www.solidarnosc.org.pl\/dok\/wp-json\/wp\/v2\/tags?post=6093"}],"curies":[{"name":"wp","href":"https:\/\/api.w.org\/{rel}","templated":true}]}}