{"id":6089,"date":"2014-07-30T09:12:01","date_gmt":"2014-07-30T07:12:01","guid":{"rendered":"https:\/\/www.solidarnosc.org.pl\/dok\/?p=6089"},"modified":"2014-07-30T09:12:01","modified_gmt":"2014-07-30T07:12:01","slug":"decyzja-prezydium-kk-nr-190-2014-przygotowania-i-udzialu-w-projekcie-pod-roboczym-tytulem-narzedzia-informacyjne-do-wzmocnienia-wewnetrznego-dialogu-spolecznego-dla-europy-zorientowanej-spolecznie","status":"publish","type":"post","link":"https:\/\/www.solidarnosc.org.pl\/dok\/2014\/07\/30\/decyzja-prezydium-kk-nr-190-2014-przygotowania-i-udzialu-w-projekcie-pod-roboczym-tytulem-narzedzia-informacyjne-do-wzmocnienia-wewnetrznego-dialogu-spolecznego-dla-europy-zorientowanej-spolecznie\/","title":{"rendered":"Decyzja Prezydium KK nr 190\/2014 . przygotowania i udzia\u0142u w projekcie pod roboczym tytu\u0142em \u201eNarz\u0119dzia informacyjne do wzmocnienia wewn\u0119trznego Dialogu Spo\u0142ecznego dla Europy zorientowanej spo\u0142ecznie\u201d"},"content":{"rendered":"<p>\n\tPrezydium Komisji Krajowej NSZZ &bdquo;Solidarno\u015b\u0107&rdquo; wyra\u017ca zgod\u0119 na przygotowanie&nbsp;i udzia\u0142 w projekcie roboczo zatytu\u0142owanym <em>&bdquo;Narz\u0119dzia informacyjne do wzmocnienia wewn\u0119trznego Dialogu Spo\u0142ecznego dla Europy zorientowanej spo\u0142ecznie&rdquo;,<\/em> przedk\u0142adanego przez W\u0142osk\u0105 Konfederacj\u0119 Zwi\u0105zk&oacute;w Zawodowych &ndash; CISL do Komisji Europejskiej&nbsp;w ramach linii bud\u017cetowej 04030108 &#8211; &bdquo;Stosunki przemys\u0142owe i dialog spo\u0142eczny&rdquo;.<\/p>\n<p>\n\tOsobami reprezentuj\u0105cymi NSZZ &bdquo;Solidarno\u015b\u0107&rdquo; w projekcie s\u0105:<\/p>\n<p>\n\t1. Henryk Nakonieczny &ndash; Kierownik projektu<\/p>\n<p>\n\t2. Maria \u017bytko &ndash; Koordynator projektu<\/p>\n<p>\n\t3. Karol Nosal &ndash; Sekretarz projektu<\/p>\n<p>\n\t4. Barbara Surdykowska &ndash; Ekspert wewn\u0119trzny<\/p>\n<p>\n\t5. Krzysztof Kutzmann &ndash; Ksi\u0119gowy projektu<\/p>\n<p>\n\t&nbsp;<\/p>\n<p><\/p>\n","protected":false},"excerpt":{"rendered":"<p>Prezydium Komisji Krajowej NSZZ &bdquo;Solidarno\u015b\u0107&rdquo; wyra\u017ca zgod\u0119 na przygotowanie&nbsp;i udzia\u0142 w projekcie roboczo zatytu\u0142owanym &bdquo;Narz\u0119dzia informacyjne do wzmocnienia wewn\u0119trznego Dialogu Spo\u0142ecznego dla Europy zorientowanej spo\u0142ecznie&rdquo;, przedk\u0142adanego przez W\u0142osk\u0105 Konfederacj\u0119 Zwi\u0105zk&oacute;w Zawodowych &ndash; CISL do Komisji Europejskiej&nbsp;w ramach linii bud\u017cetowej 04030108 &#8211; &bdquo;Stosunki przemys\u0142owe i dialog spo\u0142eczny&rdquo;. Osobami reprezentuj\u0105cymi NSZZ &bdquo;Solidarno\u015b\u0107&rdquo; w projekcie s\u0105: 1. Henryk [&hellip;]<\/p>\n","protected":false},"author":3,"featured_media":0,"comment_status":"closed","ping_status":"closed","sticky":false,"template":"","format":"standard","meta":{"footnotes":""},"categories":[73,9],"tags":[1274,270,61,536,534],"class_list":["post-6089","post","type-post","status-publish","format-standard","hentry","category-2014prezydium","category-dokprez","tag-190-2014","tag-270","tag-decyzja","tag-decyzja-prezydium","tag-prezydium"],"_links":{"self":[{"href":"https:\/\/www.solidarnosc.org.pl\/dok\/wp-json\/wp\/v2\/posts\/6089","targetHints":{"allow":["GET"]}}],"collection":[{"href":"https:\/\/www.solidarnosc.org.pl\/dok\/wp-json\/wp\/v2\/posts"}],"about":[{"href":"https:\/\/www.solidarnosc.org.pl\/dok\/wp-json\/wp\/v2\/types\/post"}],"author":[{"embeddable":true,"href":"https:\/\/www.solidarnosc.org.pl\/dok\/wp-json\/wp\/v2\/users\/3"}],"replies":[{"embeddable":true,"href":"https:\/\/www.solidarnosc.org.pl\/dok\/wp-json\/wp\/v2\/comments?post=6089"}],"version-history":[{"count":0,"href":"https:\/\/www.solidarnosc.org.pl\/dok\/wp-json\/wp\/v2\/posts\/6089\/revisions"}],"wp:attachment":[{"href":"https:\/\/www.solidarnosc.org.pl\/dok\/wp-json\/wp\/v2\/media?parent=6089"}],"wp:term":[{"taxonomy":"category","embeddable":true,"href":"https:\/\/www.solidarnosc.org.pl\/dok\/wp-json\/wp\/v2\/categories?post=6089"},{"taxonomy":"post_tag","embeddable":true,"href":"https:\/\/www.solidarnosc.org.pl\/dok\/wp-json\/wp\/v2\/tags?post=6089"}],"curies":[{"name":"wp","href":"https:\/\/api.w.org\/{rel}","templated":true}]}}