{"id":6087,"date":"2014-07-30T09:08:38","date_gmt":"2014-07-30T07:08:38","guid":{"rendered":"https:\/\/www.solidarnosc.org.pl\/dok\/?p=6087"},"modified":"2014-07-30T09:08:38","modified_gmt":"2014-07-30T07:08:38","slug":"decyzja-prezydium-kk-nr-189-2014-ws-upowaznienia-do-podpisania-protokolu-dodatkowego-nr-29-do-puzp-dla-pracownikow-wojskowych-jednostek-organizacyjnych-sfery-budzetowej","status":"publish","type":"post","link":"https:\/\/www.solidarnosc.org.pl\/dok\/2014\/07\/30\/decyzja-prezydium-kk-nr-189-2014-ws-upowaznienia-do-podpisania-protokolu-dodatkowego-nr-29-do-puzp-dla-pracownikow-wojskowych-jednostek-organizacyjnych-sfery-budzetowej\/","title":{"rendered":"Decyzja Prezydium KK nr 189\/2014 ws. upowa\u017cnienia do podpisania protoko\u0142u dodatkowego nr 29 do PUZP dla pracownik\u00f3w Wojskowych Jednostek Organizacyjnych Sfery Bud\u017cetowej"},"content":{"rendered":"<p>\n\tPrezydium Komisji Krajowej NSZZ &bdquo;Solidarno\u015b\u0107&rdquo; upowa\u017cnia cz\u0142onk&oacute;w Prezydium Komisji Krajowej NSZZ &bdquo;Solidarno\u015b\u0107&rdquo;: Jerzego Wielgusa i Henryka Nakoniecznego&nbsp;do podpisania w imieniu NSZZ &bdquo;Solidarno\u015b\u0107&rdquo; protoko\u0142u dodatkowego nr 29&nbsp;do Ponadzak\u0142adowego Uk\u0142adu Zbiorowego Pracy dla Pracownik&oacute;w Wojskowych Jednostek Organizacyjnych Sfery Bud\u017cetowej z dnia 8 czerwca 1998 r.<\/p>\n<p><\/p>\n","protected":false},"excerpt":{"rendered":"<p>Prezydium Komisji Krajowej NSZZ &bdquo;Solidarno\u015b\u0107&rdquo; upowa\u017cnia cz\u0142onk&oacute;w Prezydium Komisji Krajowej NSZZ &bdquo;Solidarno\u015b\u0107&rdquo;: Jerzego Wielgusa i Henryka Nakoniecznego&nbsp;do podpisania w imieniu NSZZ &bdquo;Solidarno\u015b\u0107&rdquo; protoko\u0142u dodatkowego nr 29&nbsp;do Ponadzak\u0142adowego Uk\u0142adu Zbiorowego Pracy dla Pracownik&oacute;w Wojskowych Jednostek Organizacyjnych Sfery Bud\u017cetowej z dnia 8 czerwca 1998 r.<\/p>\n","protected":false},"author":3,"featured_media":0,"comment_status":"closed","ping_status":"closed","sticky":false,"template":"","format":"standard","meta":{"footnotes":""},"categories":[73,9],"tags":[1273,270,61,536,534],"class_list":["post-6087","post","type-post","status-publish","format-standard","hentry","category-2014prezydium","category-dokprez","tag-189-2014","tag-270","tag-decyzja","tag-decyzja-prezydium","tag-prezydium"],"_links":{"self":[{"href":"https:\/\/www.solidarnosc.org.pl\/dok\/wp-json\/wp\/v2\/posts\/6087","targetHints":{"allow":["GET"]}}],"collection":[{"href":"https:\/\/www.solidarnosc.org.pl\/dok\/wp-json\/wp\/v2\/posts"}],"about":[{"href":"https:\/\/www.solidarnosc.org.pl\/dok\/wp-json\/wp\/v2\/types\/post"}],"author":[{"embeddable":true,"href":"https:\/\/www.solidarnosc.org.pl\/dok\/wp-json\/wp\/v2\/users\/3"}],"replies":[{"embeddable":true,"href":"https:\/\/www.solidarnosc.org.pl\/dok\/wp-json\/wp\/v2\/comments?post=6087"}],"version-history":[{"count":0,"href":"https:\/\/www.solidarnosc.org.pl\/dok\/wp-json\/wp\/v2\/posts\/6087\/revisions"}],"wp:attachment":[{"href":"https:\/\/www.solidarnosc.org.pl\/dok\/wp-json\/wp\/v2\/media?parent=6087"}],"wp:term":[{"taxonomy":"category","embeddable":true,"href":"https:\/\/www.solidarnosc.org.pl\/dok\/wp-json\/wp\/v2\/categories?post=6087"},{"taxonomy":"post_tag","embeddable":true,"href":"https:\/\/www.solidarnosc.org.pl\/dok\/wp-json\/wp\/v2\/tags?post=6087"}],"curies":[{"name":"wp","href":"https:\/\/api.w.org\/{rel}","templated":true}]}}