{"id":6076,"date":"2014-07-16T06:42:03","date_gmt":"2014-07-16T04:42:03","guid":{"rendered":"https:\/\/www.solidarnosc.org.pl\/dok\/?p=6076"},"modified":"2014-07-16T06:42:03","modified_gmt":"2014-07-16T04:42:03","slug":"decyzja-prezydium-kk-nr-183-2014-ws-wyrazenia-zgody-na-uzycie-nazwy-i-znaku-graficznego-nszz-solidarnosc","status":"publish","type":"post","link":"https:\/\/www.solidarnosc.org.pl\/dok\/2014\/07\/16\/decyzja-prezydium-kk-nr-183-2014-ws-wyrazenia-zgody-na-uzycie-nazwy-i-znaku-graficznego-nszz-solidarnosc\/","title":{"rendered":"Decyzja Prezydium KK nr 183\/2014 ws. wyra\u017cenia zgody na u\u017cycie nazwy i znaku graficznego NSZZ \u201eSolidarno\u015b\u0107\u201d"},"content":{"rendered":"<p>\n\t&nbsp; &nbsp; &nbsp; &nbsp; &nbsp; &nbsp; Prezydium Komisji Krajowej NSZZ &bdquo;Solidarno\u015b\u0107&rdquo;, na wniosek Europejskiego Centrum Solidarno\u015bci, wyra\u017ca zgod\u0119 na wykorzystywanie nazwy<br \/>\n\ti znaku NSZZ &bdquo;Solidarno\u015b\u0107&rdquo; na Medalu Wdzi\u0119czno\u015bci, kt&oacute;ry jest honorowym odznaczeniem przyznawanym przez ECS obcokrajowcom, kt&oacute;rzy w latach osiemdziesi\u0105tych wspomagali Polsk\u0119 w walce o wolno\u015b\u0107 i demokracj\u0119.<\/p>\n<p><\/p>\n","protected":false},"excerpt":{"rendered":"<p>&nbsp; &nbsp; &nbsp; &nbsp; &nbsp; &nbsp; Prezydium Komisji Krajowej NSZZ &bdquo;Solidarno\u015b\u0107&rdquo;, na wniosek Europejskiego Centrum Solidarno\u015bci, wyra\u017ca zgod\u0119 na wykorzystywanie nazwy i znaku NSZZ &bdquo;Solidarno\u015b\u0107&rdquo; na Medalu Wdzi\u0119czno\u015bci, kt&oacute;ry jest honorowym odznaczeniem przyznawanym przez ECS obcokrajowcom, kt&oacute;rzy w latach osiemdziesi\u0105tych wspomagali Polsk\u0119 w walce o wolno\u015b\u0107 i demokracj\u0119.<\/p>\n","protected":false},"author":3,"featured_media":0,"comment_status":"closed","ping_status":"closed","sticky":false,"template":"","format":"standard","meta":{"footnotes":""},"categories":[73,9],"tags":[1267,270,61,536,534],"class_list":["post-6076","post","type-post","status-publish","format-standard","hentry","category-2014prezydium","category-dokprez","tag-183-2014","tag-270","tag-decyzja","tag-decyzja-prezydium","tag-prezydium"],"_links":{"self":[{"href":"https:\/\/www.solidarnosc.org.pl\/dok\/wp-json\/wp\/v2\/posts\/6076","targetHints":{"allow":["GET"]}}],"collection":[{"href":"https:\/\/www.solidarnosc.org.pl\/dok\/wp-json\/wp\/v2\/posts"}],"about":[{"href":"https:\/\/www.solidarnosc.org.pl\/dok\/wp-json\/wp\/v2\/types\/post"}],"author":[{"embeddable":true,"href":"https:\/\/www.solidarnosc.org.pl\/dok\/wp-json\/wp\/v2\/users\/3"}],"replies":[{"embeddable":true,"href":"https:\/\/www.solidarnosc.org.pl\/dok\/wp-json\/wp\/v2\/comments?post=6076"}],"version-history":[{"count":0,"href":"https:\/\/www.solidarnosc.org.pl\/dok\/wp-json\/wp\/v2\/posts\/6076\/revisions"}],"wp:attachment":[{"href":"https:\/\/www.solidarnosc.org.pl\/dok\/wp-json\/wp\/v2\/media?parent=6076"}],"wp:term":[{"taxonomy":"category","embeddable":true,"href":"https:\/\/www.solidarnosc.org.pl\/dok\/wp-json\/wp\/v2\/categories?post=6076"},{"taxonomy":"post_tag","embeddable":true,"href":"https:\/\/www.solidarnosc.org.pl\/dok\/wp-json\/wp\/v2\/tags?post=6076"}],"curies":[{"name":"wp","href":"https:\/\/api.w.org\/{rel}","templated":true}]}}