{"id":6066,"date":"2014-07-08T12:00:41","date_gmt":"2014-07-08T10:00:41","guid":{"rendered":"https:\/\/www.solidarnosc.org.pl\/dok\/?p=6066"},"modified":"2024-10-15T14:25:36","modified_gmt":"2024-10-15T12:25:36","slug":"uchwala-kk-nr-19-2014-ws-stwierdzenia-faktu-niewaznosci-uchwaly-nr-383-xxvi-2014-prezydium-zr-srodkowowschodniego-ws-rejestracji-organizacji-zwiazkowej","status":"publish","type":"post","link":"https:\/\/www.solidarnosc.org.pl\/dok\/2014\/07\/08\/uchwala-kk-nr-19-2014-ws-stwierdzenia-faktu-niewaznosci-uchwaly-nr-383-xxvi-2014-prezydium-zr-srodkowowschodniego-ws-rejestracji-organizacji-zwiazkowej\/","title":{"rendered":"Uchwa\u0142a KK nr 19\/2014 ws. stwierdzenia faktu niewa\u017cno\u015bci Uchwa\u0142y nr 383\/XXVI\/2014 Prezydium ZR \u015arodkowowschodniego ws. rejestracji organizacji zwi\u0105zkowej"},"content":{"rendered":"<p style=\"text-align: justify;\">Komisja Krajowa NSZZ \u201eSolidarno\u015b\u0107\u201d, dzia\u0142aj\u0105c na podstawie \u00a7 3 ust.1 pkt 2 oraz \u00a7 8 ust. 1 Uchwa\u0142y KK 22\/13 ws. stwierdzenia niewa\u017cno\u015bci uchwa\u0142 i decyzji podj\u0119tych z naruszeniem Statutu NSZZ \u201eSolidarno\u015b\u0107\u201d oraz innych akt\u00f3w prawa wewn\u0105trzzwi\u0105zkowego, po rozpatrzeniu wniosku Regionu Mazowsze NSZZ \u201eSolidarno\u015b\u0107\u201d, stwierdza niewa\u017cno\u015b\u0107 Uchwa\u0142y nr 383\/XXVI\/2014 Prezydium Zarz\u0105du Regionu \u015arodkowowschodniego NSZZ \u201eSolidarno\u015b\u0107\u201d ws. rejestracji organizacji zwi\u0105zkowej, jako niezgodnej z postanowieniami \u00a7 13 ust. 2 Uchwa\u0142y KK 16\/06 ws. zako\u0144czenia istnienia jednostki organizacyjnej Zwi\u0105zku, zmian zasi\u0119gu dzia\u0142ania region\u00f3w oraz zmian miejsca rejestracji jednostek organizacyjnych Zwi\u0105zku oraz \u00a7 2 ust. 2 pkt a Uchwa\u0142y KK nr 24\/04 ws. rejestracji i zasad dzia\u0142ania organizacji wydzia\u0142owej lub oddzia\u0142owej obejmuj\u0105cej swoim dzia\u0142aniem cz\u0119\u015b\u0107 zak\u0142adu pracy na terenie innego regionu ni\u017c region rejestruj\u0105cych organizacj\u0119 zak\u0142adow\u0105.<\/p>\n<p style=\"text-align: center;\">UZASADNIENIE<\/p>\n<p style=\"text-align: justify;\">I. 15 maja 2014 roku Komisja Krajowa NSZZ \u201eSolidarno\u015b\u0107\u201d dzia\u0142aj\u0105c na podstawie \u00a7 22 ust. 4 Statutu NSZZ \u201eSolidarno\u015b\u0107\u201d oraz \u00a7 2 ust. 1 Uchwa\u0142y Nr 7 XIX KZD ws. zasad tworzenia i funkcjonowania region\u00f3w oraz \u00a7 13 ust. 1 Uchwa\u0142y KK nr 16\/06 ws. zako\u0144czenia istnienia jednostki organizacyjnej zwi\u0105zku, zmian zasi\u0119gu dzia\u0142ania region\u00f3w oraz zmiany miejsca rejestracji jednostek organizacyjnych Zwi\u0105zku, na wsp\u00f3lny wniosek Zarz\u0105du Regionu Mazowsze i Zarz\u0105du Regionu Che\u0142mskiego, przyj\u0119\u0142a Uchwa\u0142\u0119 o zmianie zasi\u0119gu dzia\u0142ania obu Region\u00f3w rozszerzaj\u0105c obszar Regionu Mazowsze o powiaty: w\u0142odawski, che\u0142mski, che\u0142mski grodzki i krasnostawski w wojew\u00f3dztwie lubelskim.<\/p>\n<p style=\"text-align: justify;\">II. W zwi\u0105zku z powy\u017cszym, na podstawie \u00a7 13 ust. 2 Uchwa\u0142y KK 16\/06 ws. zako\u0144czenia istnienia jednostki organizacyjnej zwi\u0105zku, zmian zasi\u0119gu dzia\u0142ania region\u00f3w oraz zmiany miejsca rejestracji jednostek organizacyjnych Zwi\u0105zku, wszystkie jednostki organizacyjne dotychczasowego Regionu Che\u0142mskiego powinny zosta\u0107 przerejestrowane do Regionu Mazowsze. Zarejestrowanie Organizacji Oddzia\u0142owej w rejestrze Organizacji Oddzia\u0142owych Regionu \u015arodkowowschodniego jest z\u0142amaniem tego przepisu. Maj\u0105c na uwadze wszystkie przedstawione wy\u017cej argumenty, Komisja Krajowa NSZZ \u201eSolidarno\u015b\u0107\u201d postanowi\u0142a jak w uchwale.<\/p>\n","protected":false},"excerpt":{"rendered":"<p>Komisja Krajowa NSZZ \u201eSolidarno\u015b\u0107\u201d, dzia\u0142aj\u0105c na podstawie \u00a7 3 ust.1 pkt 2 oraz \u00a7 8 ust. 1 Uchwa\u0142y KK 22\/13 ws. stwierdzenia niewa\u017cno\u015bci uchwa\u0142 i decyzji podj\u0119tych z naruszeniem Statutu NSZZ \u201eSolidarno\u015b\u0107\u201d oraz innych akt\u00f3w prawa wewn\u0105trzzwi\u0105zkowego, po rozpatrzeniu wniosku Regionu Mazowsze NSZZ \u201eSolidarno\u015b\u0107\u201d, stwierdza niewa\u017cno\u015b\u0107 Uchwa\u0142y nr 383\/XXVI\/2014 Prezydium Zarz\u0105du Regionu \u015arodkowowschodniego NSZZ \u201eSolidarno\u015b\u0107\u201d [&hellip;]<\/p>\n","protected":false},"author":3,"featured_media":0,"comment_status":"closed","ping_status":"closed","sticky":false,"template":"","format":"standard","meta":{"footnotes":""},"categories":[72,8],"tags":[292,270,98,62,102],"class_list":["post-6066","post","type-post","status-publish","format-standard","hentry","category-2014kk","category-dokkk","tag-19-2014","tag-270","tag-kk","tag-uchwala","tag-uchwala-kk"],"_links":{"self":[{"href":"https:\/\/www.solidarnosc.org.pl\/dok\/wp-json\/wp\/v2\/posts\/6066","targetHints":{"allow":["GET"]}}],"collection":[{"href":"https:\/\/www.solidarnosc.org.pl\/dok\/wp-json\/wp\/v2\/posts"}],"about":[{"href":"https:\/\/www.solidarnosc.org.pl\/dok\/wp-json\/wp\/v2\/types\/post"}],"author":[{"embeddable":true,"href":"https:\/\/www.solidarnosc.org.pl\/dok\/wp-json\/wp\/v2\/users\/3"}],"replies":[{"embeddable":true,"href":"https:\/\/www.solidarnosc.org.pl\/dok\/wp-json\/wp\/v2\/comments?post=6066"}],"version-history":[{"count":1,"href":"https:\/\/www.solidarnosc.org.pl\/dok\/wp-json\/wp\/v2\/posts\/6066\/revisions"}],"predecessor-version":[{"id":12623,"href":"https:\/\/www.solidarnosc.org.pl\/dok\/wp-json\/wp\/v2\/posts\/6066\/revisions\/12623"}],"wp:attachment":[{"href":"https:\/\/www.solidarnosc.org.pl\/dok\/wp-json\/wp\/v2\/media?parent=6066"}],"wp:term":[{"taxonomy":"category","embeddable":true,"href":"https:\/\/www.solidarnosc.org.pl\/dok\/wp-json\/wp\/v2\/categories?post=6066"},{"taxonomy":"post_tag","embeddable":true,"href":"https:\/\/www.solidarnosc.org.pl\/dok\/wp-json\/wp\/v2\/tags?post=6066"}],"curies":[{"name":"wp","href":"https:\/\/api.w.org\/{rel}","templated":true}]}}