{"id":605,"date":"1994-09-30T08:04:09","date_gmt":"1994-09-30T07:04:09","guid":{"rendered":"http:\/\/www.solidarnosc.org.pl\/dok\/?p=605"},"modified":"2012-10-01T08:05:26","modified_gmt":"2012-10-01T06:05:26","slug":"uchwala-nr-21994-ws-organizacji-kzd-w-poznaniu","status":"publish","type":"post","link":"https:\/\/www.solidarnosc.org.pl\/dok\/1994\/09\/30\/uchwala-nr-21994-ws-organizacji-kzd-w-poznaniu\/","title":{"rendered":"Uchwa\u0142a nr 2\/1994 ws. organizacji KZD w Poznaniu"},"content":{"rendered":"<p style=\"text-align: justify;\"><strong>\u00a0 \u00a0 \u00a0Delegaci VI Krajowego Zjazdu NSZZ &#8222;Solidarno\u015b\u0107&#8221; postanawiaj\u0105, \u017ce dla podkre\u015blenia historycznej roli wydarze\u0144 Pozna\u0144skiego Czerwca 1956 r. Krajowy Zjazd Delegat\u00f3w odb\u0119dzie si\u0119 w Poznaniu w 40 rocznic\u0119 tych pami\u0119tnych wydarze\u0144.<\/strong><\/p>\n","protected":false},"excerpt":{"rendered":"<p>\u00a0 \u00a0 \u00a0Delegaci VI Krajowego Zjazdu NSZZ &#8222;Solidarno\u015b\u0107&#8221; postanawiaj\u0105, \u017ce dla podkre\u015blenia historycznej roli wydarze\u0144 Pozna\u0144skiego Czerwca 1956 r. Krajowy Zjazd Delegat\u00f3w odb\u0119dzie si\u0119 w Poznaniu w 40 rocznic\u0119 tych pami\u0119tnych wydarze\u0144.<\/p>\n","protected":false},"author":3,"featured_media":0,"comment_status":"closed","ping_status":"closed","sticky":false,"template":"","format":"standard","meta":{"footnotes":""},"categories":[23,16],"tags":[2833,2835,2639,2636,62,2638],"class_list":["post-605","post","type-post","status-publish","format-standard","hentry","category-6kzd","category-dokkzd","tag-2833","tag-2-1994","tag-i-kzd","tag-kzd","tag-uchwala","tag-uchwala-kzd"],"_links":{"self":[{"href":"https:\/\/www.solidarnosc.org.pl\/dok\/wp-json\/wp\/v2\/posts\/605","targetHints":{"allow":["GET"]}}],"collection":[{"href":"https:\/\/www.solidarnosc.org.pl\/dok\/wp-json\/wp\/v2\/posts"}],"about":[{"href":"https:\/\/www.solidarnosc.org.pl\/dok\/wp-json\/wp\/v2\/types\/post"}],"author":[{"embeddable":true,"href":"https:\/\/www.solidarnosc.org.pl\/dok\/wp-json\/wp\/v2\/users\/3"}],"replies":[{"embeddable":true,"href":"https:\/\/www.solidarnosc.org.pl\/dok\/wp-json\/wp\/v2\/comments?post=605"}],"version-history":[{"count":1,"href":"https:\/\/www.solidarnosc.org.pl\/dok\/wp-json\/wp\/v2\/posts\/605\/revisions"}],"predecessor-version":[{"id":607,"href":"https:\/\/www.solidarnosc.org.pl\/dok\/wp-json\/wp\/v2\/posts\/605\/revisions\/607"}],"wp:attachment":[{"href":"https:\/\/www.solidarnosc.org.pl\/dok\/wp-json\/wp\/v2\/media?parent=605"}],"wp:term":[{"taxonomy":"category","embeddable":true,"href":"https:\/\/www.solidarnosc.org.pl\/dok\/wp-json\/wp\/v2\/categories?post=605"},{"taxonomy":"post_tag","embeddable":true,"href":"https:\/\/www.solidarnosc.org.pl\/dok\/wp-json\/wp\/v2\/tags?post=605"}],"curies":[{"name":"wp","href":"https:\/\/api.w.org\/{rel}","templated":true}]}}