{"id":6030,"date":"2014-07-01T08:13:30","date_gmt":"2014-07-01T06:13:30","guid":{"rendered":"https:\/\/www.solidarnosc.org.pl\/dok\/?p=6030"},"modified":"2014-07-01T08:13:30","modified_gmt":"2014-07-01T06:13:30","slug":"decyzja-prezydium-kk-nr-163-2014-ws-opinii-dot-propozycji-rady-ministrow-sredniorocznych-wskaznikow-wzrostu-wynagrodzen-w-panstwowej-sferze-budzetowej-na-rok-2015","status":"publish","type":"post","link":"https:\/\/www.solidarnosc.org.pl\/dok\/2014\/07\/01\/decyzja-prezydium-kk-nr-163-2014-ws-opinii-dot-propozycji-rady-ministrow-sredniorocznych-wskaznikow-wzrostu-wynagrodzen-w-panstwowej-sferze-budzetowej-na-rok-2015\/","title":{"rendered":"Decyzja Prezydium KK nr 163\/2014 ws. opinii dot. propozycji Rady Ministr\u00f3w \u015bredniorocznych wska\u017anik\u00f3w wzrostu wynagrodze\u0144 w pa\u0144stwowej sferze bud\u017cetowej na rok 2015"},"content":{"rendered":"<p>Prezydium Komisji Krajowej NSZZ \u201eSolidarno\u015b\u0107\u201d na podstawie art. 7 ust. 2 ustawy z dnia 23 grudnia 1999 r. o kszta\u0142towaniu wynagrodze\u0144 w pa\u0144stwowej sferze bud\u017cetowej negatywnie opiniuje przyj\u0119te przez Rad\u0119 Ministr\u00f3w w dniu 10 czerwca 2014 r. propozycje utrzymania na niezmienionym od roku 2011 poziomie \u015bredniorocznych wska\u017anik\u00f3w wzrostu wynagrodze\u0144 w pa\u0144stwowej sferze bud\u017cetowej na rok 2015.<br \/>\nPrezydium KK ponawia swoj\u0105 propozycj\u0119 wzrostu wynagrodze\u0144 w pa\u0144stwowej sferze bud\u017cetowej (nie mniej ni\u017c 9 %) zawart\u0105 we wsp\u00f3lnych propozycjach strony pracownik\u00f3w tj. NSZZ \u201eSolidarno\u015b\u0107\u201d, Forum Zwi\u0105zk\u00f3w Zawodowych oraz Og\u00f3lnopolskie Porozumienie Zwi\u0105zk\u00f3w Zawodowych (w za\u0142\u0105czeniu).<br \/>\nPrezydium KK wskazuje, tak\u017ce i\u017c niezb\u0119dne jest wyja\u015bnienie cel\u00f3w wprowadzenia wynagrodze\u0144 finansowanych z bud\u017cetu pa\u0144stwa dla pracownik\u00f3w m\u0142odocianych OHP do Dzia\u0142u 853 \u2013 pozosta\u0142e zadania w sferze polityki spo\u0142ecznej (za\u0142\u0105cznik 1a) w kontek\u015bcie propozycji \u201ezamro\u017cenia\u201d funduszu wynagrodze\u0144 w pa\u0144stwowej sferze bud\u017cetowej. Zwracamy uwag\u0119, \u017ce w roku 2013 rozwi\u0105za\u0144 takich nie stosowano. Pracownicy m\u0142odociani nie powinni by\u0107 zaliczani do pracownik\u00f3w sfery bud\u017cetowej, albowiem wynagrodzenia pracownik\u00f3w m\u0142odocianych zgodnie z odr\u0119bnymi przepisami podlegaj\u0105 automatycznemu podwy\u017cszeniu w zale\u017cno\u015bci od ich sta\u017cu, b\u0105d\u017a wzrostu wynagrodzenia kwartalnego w gospodarce narodowej. Wprowadzenie takich rozwi\u0105za\u0144 przedstawionych przy za\u0142o\u017ceniach do projektu bud\u017cetu na rok 2015  s\u0105 nieuzasadnione i mog\u0105 naruszy\u0107 prawa nabyte pracownik\u00f3w m\u0142odocianych lub spowodowa\u0107 negatywne skutki dla pracownik\u00f3w bud\u017cetowych uj\u0119tych w tym Dziale.<\/p>\n<p>Prezydium Komisji Krajowej NSZZ \u201eSolidarno\u015b\u0107\u201d wnosi r\u00f3wnie\u017c o przedstawienie przez MPiPS wykazu zada\u0144, kt\u00f3re wykonuj\u0105 b\u0105d\u017a b\u0119d\u0105 wykonywa\u0107 m\u0142odociani pracownicy uj\u0119ci w Dziale 853 \u2013 pozosta\u0142e zadania w zakresie polityki spo\u0142ecznej.<br \/><\/p>\n","protected":false},"excerpt":{"rendered":"<p>Prezydium Komisji Krajowej NSZZ \u201eSolidarno\u015b\u0107\u201d na podstawie art. 7 ust. 2 ustawy z dnia 23 grudnia 1999 r. o kszta\u0142towaniu wynagrodze\u0144 w pa\u0144stwowej sferze bud\u017cetowej negatywnie opiniuje przyj\u0119te przez Rad\u0119 Ministr\u00f3w w dniu 10 czerwca 2014 r. propozycje utrzymania na niezmienionym od roku 2011 poziomie \u015bredniorocznych wska\u017anik\u00f3w wzrostu wynagrodze\u0144 w pa\u0144stwowej sferze bud\u017cetowej na rok [&hellip;]<\/p>\n","protected":false},"author":3,"featured_media":0,"comment_status":"closed","ping_status":"closed","sticky":false,"template":"","format":"standard","meta":{"footnotes":""},"categories":[73,9],"tags":[1247,270,61,536,534],"class_list":["post-6030","post","type-post","status-publish","format-standard","hentry","category-2014prezydium","category-dokprez","tag-163-2014","tag-270","tag-decyzja","tag-decyzja-prezydium","tag-prezydium"],"_links":{"self":[{"href":"https:\/\/www.solidarnosc.org.pl\/dok\/wp-json\/wp\/v2\/posts\/6030","targetHints":{"allow":["GET"]}}],"collection":[{"href":"https:\/\/www.solidarnosc.org.pl\/dok\/wp-json\/wp\/v2\/posts"}],"about":[{"href":"https:\/\/www.solidarnosc.org.pl\/dok\/wp-json\/wp\/v2\/types\/post"}],"author":[{"embeddable":true,"href":"https:\/\/www.solidarnosc.org.pl\/dok\/wp-json\/wp\/v2\/users\/3"}],"replies":[{"embeddable":true,"href":"https:\/\/www.solidarnosc.org.pl\/dok\/wp-json\/wp\/v2\/comments?post=6030"}],"version-history":[{"count":0,"href":"https:\/\/www.solidarnosc.org.pl\/dok\/wp-json\/wp\/v2\/posts\/6030\/revisions"}],"wp:attachment":[{"href":"https:\/\/www.solidarnosc.org.pl\/dok\/wp-json\/wp\/v2\/media?parent=6030"}],"wp:term":[{"taxonomy":"category","embeddable":true,"href":"https:\/\/www.solidarnosc.org.pl\/dok\/wp-json\/wp\/v2\/categories?post=6030"},{"taxonomy":"post_tag","embeddable":true,"href":"https:\/\/www.solidarnosc.org.pl\/dok\/wp-json\/wp\/v2\/tags?post=6030"}],"curies":[{"name":"wp","href":"https:\/\/api.w.org\/{rel}","templated":true}]}}