{"id":6028,"date":"2014-07-01T07:40:44","date_gmt":"2014-07-01T05:40:44","guid":{"rendered":"https:\/\/www.solidarnosc.org.pl\/dok\/?p=6028"},"modified":"2014-07-01T07:40:44","modified_gmt":"2014-07-01T05:40:44","slug":"decyzja-prezydium-kk-nr-162-2014-ws-przygotowania-projektu-z-obszaru-doradztwo-zawodowe-a-nowe-wyzwania-na-polskim-rynku-pracy-rola-i-zadania-partnerow-spolecznych","status":"publish","type":"post","link":"https:\/\/www.solidarnosc.org.pl\/dok\/2014\/07\/01\/decyzja-prezydium-kk-nr-162-2014-ws-przygotowania-projektu-z-obszaru-doradztwo-zawodowe-a-nowe-wyzwania-na-polskim-rynku-pracy-rola-i-zadania-partnerow-spolecznych\/","title":{"rendered":"Decyzja Prezydium KK nr 162\/2014 ws.  przygotowania projektu z obszaru \u201eDoradztwo zawodowe a nowe wyzwania na polskim rynku pracy. Rola i zadania partner\u00f3w spo\u0142ecznych\u201d"},"content":{"rendered":"<p>Prezydium Komisji Krajowej NSZZ \u201eSolidarno\u015b\u0107\u201d postanawia przygotowa\u0107 projekt<br \/>\no roboczym tytule: \u201eDoradztwo zawodowe a nowe wyzwania na polskim rynku pracy. Rola i zadania partner\u00f3w spo\u0142ecznych\u201d.<br \/>\nW Polsce doradztwo zawodowe b\u0119d\u0105ce u progu swej dzia\u0142alno\u015bci stoi przed wielkim wyzwaniem \u2013 rosn\u0105ce bezrobocie w\u015br\u00f3d m\u0142odych ludzi, wyd\u0142u\u017cenie aktywno\u015bci zawodowej pracownik\u00f3w, wzrastaj\u0105ca liczba bezrobotnych 55+. St\u0105d celem projektu jest, korzystaj\u0105c<br \/>\nz do\u015bwiadcze\u0144 kraj\u00f3w unijnych, znalezienie odpowiedzi na pytania: jakie musz\u0105 by\u0107 spe\u0142nione warunki by doradztwo zawodowe mog\u0142o si\u0119 rozwija\u0107 i jak\u0105 rol\u0119 winni odegra\u0107 partnerzy spo\u0142eczni w tym procesie?<br \/>\nW imieniu Prezydium KK odpowiedzialni za realizacj\u0119 ww. projektu b\u0119d\u0105:<br \/>\n1.  Ewa Zydorek \u2013 Sekretarz Komisji Krajowej NSZZ \u201eSolidarno\u015b\u0107\u201d<br \/>\n2.  Jerzy Jaworski \u2013 Skarbnik Komisji Krajowej NSZZ \u201eSolidarno\u015b\u0107\u201d<br \/><\/p>\n","protected":false},"excerpt":{"rendered":"<p>Prezydium Komisji Krajowej NSZZ \u201eSolidarno\u015b\u0107\u201d postanawia przygotowa\u0107 projekt o roboczym tytule: \u201eDoradztwo zawodowe a nowe wyzwania na polskim rynku pracy. Rola i zadania partner\u00f3w spo\u0142ecznych\u201d. W Polsce doradztwo zawodowe b\u0119d\u0105ce u progu swej dzia\u0142alno\u015bci stoi przed wielkim wyzwaniem \u2013 rosn\u0105ce bezrobocie w\u015br\u00f3d m\u0142odych ludzi, wyd\u0142u\u017cenie aktywno\u015bci zawodowej pracownik\u00f3w, wzrastaj\u0105ca liczba bezrobotnych 55+. St\u0105d celem projektu [&hellip;]<\/p>\n","protected":false},"author":3,"featured_media":0,"comment_status":"closed","ping_status":"closed","sticky":false,"template":"","format":"standard","meta":{"footnotes":""},"categories":[73,9],"tags":[1246,270,61,536,534],"class_list":["post-6028","post","type-post","status-publish","format-standard","hentry","category-2014prezydium","category-dokprez","tag-162-2014","tag-270","tag-decyzja","tag-decyzja-prezydium","tag-prezydium"],"_links":{"self":[{"href":"https:\/\/www.solidarnosc.org.pl\/dok\/wp-json\/wp\/v2\/posts\/6028","targetHints":{"allow":["GET"]}}],"collection":[{"href":"https:\/\/www.solidarnosc.org.pl\/dok\/wp-json\/wp\/v2\/posts"}],"about":[{"href":"https:\/\/www.solidarnosc.org.pl\/dok\/wp-json\/wp\/v2\/types\/post"}],"author":[{"embeddable":true,"href":"https:\/\/www.solidarnosc.org.pl\/dok\/wp-json\/wp\/v2\/users\/3"}],"replies":[{"embeddable":true,"href":"https:\/\/www.solidarnosc.org.pl\/dok\/wp-json\/wp\/v2\/comments?post=6028"}],"version-history":[{"count":0,"href":"https:\/\/www.solidarnosc.org.pl\/dok\/wp-json\/wp\/v2\/posts\/6028\/revisions"}],"wp:attachment":[{"href":"https:\/\/www.solidarnosc.org.pl\/dok\/wp-json\/wp\/v2\/media?parent=6028"}],"wp:term":[{"taxonomy":"category","embeddable":true,"href":"https:\/\/www.solidarnosc.org.pl\/dok\/wp-json\/wp\/v2\/categories?post=6028"},{"taxonomy":"post_tag","embeddable":true,"href":"https:\/\/www.solidarnosc.org.pl\/dok\/wp-json\/wp\/v2\/tags?post=6028"}],"curies":[{"name":"wp","href":"https:\/\/api.w.org\/{rel}","templated":true}]}}