{"id":6026,"date":"2014-06-24T10:36:22","date_gmt":"2014-06-24T08:36:22","guid":{"rendered":"https:\/\/www.solidarnosc.org.pl\/dok\/?p=6026"},"modified":"2014-06-24T10:36:22","modified_gmt":"2014-06-24T08:36:22","slug":"decyzja-prezydium-kk-nr-161-2014-ws-zawarcia-umowy-z-polskim-radiem-s-a-dot-zasad-wydania-nagran-pod-roboczym-tytulem-niepokorni-i-przeglad-piosenki-prawdziwej","status":"publish","type":"post","link":"https:\/\/www.solidarnosc.org.pl\/dok\/2014\/06\/24\/decyzja-prezydium-kk-nr-161-2014-ws-zawarcia-umowy-z-polskim-radiem-s-a-dot-zasad-wydania-nagran-pod-roboczym-tytulem-niepokorni-i-przeglad-piosenki-prawdziwej\/","title":{"rendered":"Decyzja Prezydium KK nr 161\/2014 ws. zawarcia umowy z Polskim Radiem S.A. dot. zasad wydania nagra\u0144  pod roboczym tytu\u0142em \u201eNiepokorni. I Przegl\u0105d Piosenki Prawdziwej\u201d"},"content":{"rendered":"<p>Prezydium Komisji Krajowej NSZZ \u201eSolidarno\u015b\u0107\u201d postanawia podpisa\u0107 umow\u0119<br \/>\nz Polskim Radiem S.A., kt\u00f3rej przedmiotem b\u0119dzie okre\u015blenie zasad wydania nagra\u0144 utwor\u00f3w muzycznych na p\u0142ytach CD pod roboczym tytu\u0142em \u201eNiepokorni. I Przegl\u0105d Piosenki Prawdziwej\u201d.<br \/>\nPrezydium Komisji Krajowej NSZZ \u201eSolidarno\u015b\u0107\u201d upowa\u017cnia do podpisania umowy:<br \/>\n1.  Bogdana Bisia &#8211; Zast\u0119pc\u0119 Przewodnicz\u0105cego Komisji Krajowej NSZZ \u201eSolidarno\u015b\u0107\u201d<br \/>\n2.  Jerzego Jaworskiego \u2013 Skarbnika Komisji Krajowej NSZZ \u201eSolidarno\u015b\u0107\u201d.<br \/><\/p>\n","protected":false},"excerpt":{"rendered":"<p>Prezydium Komisji Krajowej NSZZ \u201eSolidarno\u015b\u0107\u201d postanawia podpisa\u0107 umow\u0119 z Polskim Radiem S.A., kt\u00f3rej przedmiotem b\u0119dzie okre\u015blenie zasad wydania nagra\u0144 utwor\u00f3w muzycznych na p\u0142ytach CD pod roboczym tytu\u0142em \u201eNiepokorni. I Przegl\u0105d Piosenki Prawdziwej\u201d. Prezydium Komisji Krajowej NSZZ \u201eSolidarno\u015b\u0107\u201d upowa\u017cnia do podpisania umowy: 1. Bogdana Bisia &#8211; Zast\u0119pc\u0119 Przewodnicz\u0105cego Komisji Krajowej NSZZ \u201eSolidarno\u015b\u0107\u201d 2. Jerzego Jaworskiego \u2013 [&hellip;]<\/p>\n","protected":false},"author":3,"featured_media":0,"comment_status":"closed","ping_status":"closed","sticky":false,"template":"","format":"standard","meta":{"footnotes":""},"categories":[73,9],"tags":[1245,270,61,536,534],"class_list":["post-6026","post","type-post","status-publish","format-standard","hentry","category-2014prezydium","category-dokprez","tag-161-2014","tag-270","tag-decyzja","tag-decyzja-prezydium","tag-prezydium"],"_links":{"self":[{"href":"https:\/\/www.solidarnosc.org.pl\/dok\/wp-json\/wp\/v2\/posts\/6026","targetHints":{"allow":["GET"]}}],"collection":[{"href":"https:\/\/www.solidarnosc.org.pl\/dok\/wp-json\/wp\/v2\/posts"}],"about":[{"href":"https:\/\/www.solidarnosc.org.pl\/dok\/wp-json\/wp\/v2\/types\/post"}],"author":[{"embeddable":true,"href":"https:\/\/www.solidarnosc.org.pl\/dok\/wp-json\/wp\/v2\/users\/3"}],"replies":[{"embeddable":true,"href":"https:\/\/www.solidarnosc.org.pl\/dok\/wp-json\/wp\/v2\/comments?post=6026"}],"version-history":[{"count":0,"href":"https:\/\/www.solidarnosc.org.pl\/dok\/wp-json\/wp\/v2\/posts\/6026\/revisions"}],"wp:attachment":[{"href":"https:\/\/www.solidarnosc.org.pl\/dok\/wp-json\/wp\/v2\/media?parent=6026"}],"wp:term":[{"taxonomy":"category","embeddable":true,"href":"https:\/\/www.solidarnosc.org.pl\/dok\/wp-json\/wp\/v2\/categories?post=6026"},{"taxonomy":"post_tag","embeddable":true,"href":"https:\/\/www.solidarnosc.org.pl\/dok\/wp-json\/wp\/v2\/tags?post=6026"}],"curies":[{"name":"wp","href":"https:\/\/api.w.org\/{rel}","templated":true}]}}