{"id":6020,"date":"2014-06-24T10:29:25","date_gmt":"2014-06-24T08:29:25","guid":{"rendered":"https:\/\/www.solidarnosc.org.pl\/dok\/?p=6020"},"modified":"2014-06-24T10:29:25","modified_gmt":"2014-06-24T08:29:25","slug":"decyzja-prezydium-kk-nr-158-2014-ws-wyrejestrowania-krajowej-sekcji-przemyslu-szklarskiego-nszz-solidarnosc","status":"publish","type":"post","link":"https:\/\/www.solidarnosc.org.pl\/dok\/2014\/06\/24\/decyzja-prezydium-kk-nr-158-2014-ws-wyrejestrowania-krajowej-sekcji-przemyslu-szklarskiego-nszz-solidarnosc\/","title":{"rendered":"Decyzja Prezydium KK nr 158\/2014 ws. wyrejestrowania Krajowej Sekcji Przemys\u0142u Szklarskiego NSZZ \u201eSolidarno\u015b\u0107\u201d"},"content":{"rendered":"<p>Prezydium Komisji Krajowej NSZZ \u201eSolidarno\u015b\u0107\u201d, dzia\u0142aj\u0105c na podstawie postanowie\u0144 \u00a7 26 ust. 1 Statutu NSZZ \u201eSolidarno\u015b\u0107\u201d oraz \u00a7 10 ust. 1 Uchwa\u0142y nr 4 XIX KZD, zmienionej Uchwa\u0142\u0105 nr 4 XX KZD postanawia wykre\u015bli\u0107 z Rejestru Krajowych Sekcji Bran\u017cowych sekcj\u0119 o nazwie: Krajowa Sekcja Przemys\u0142u Szklarskiego NSZZ \u201eSolidarno\u015b\u0107\u201d.<br \/><\/p>\n","protected":false},"excerpt":{"rendered":"<p>Prezydium Komisji Krajowej NSZZ \u201eSolidarno\u015b\u0107\u201d, dzia\u0142aj\u0105c na podstawie postanowie\u0144 \u00a7 26 ust. 1 Statutu NSZZ \u201eSolidarno\u015b\u0107\u201d oraz \u00a7 10 ust. 1 Uchwa\u0142y nr 4 XIX KZD, zmienionej Uchwa\u0142\u0105 nr 4 XX KZD postanawia wykre\u015bli\u0107 z Rejestru Krajowych Sekcji Bran\u017cowych sekcj\u0119 o nazwie: Krajowa Sekcja Przemys\u0142u Szklarskiego NSZZ \u201eSolidarno\u015b\u0107\u201d.<\/p>\n","protected":false},"author":3,"featured_media":0,"comment_status":"closed","ping_status":"closed","sticky":false,"template":"","format":"standard","meta":{"footnotes":""},"categories":[73,9],"tags":[1242,270,61,536,534],"class_list":["post-6020","post","type-post","status-publish","format-standard","hentry","category-2014prezydium","category-dokprez","tag-158-2014","tag-270","tag-decyzja","tag-decyzja-prezydium","tag-prezydium"],"_links":{"self":[{"href":"https:\/\/www.solidarnosc.org.pl\/dok\/wp-json\/wp\/v2\/posts\/6020","targetHints":{"allow":["GET"]}}],"collection":[{"href":"https:\/\/www.solidarnosc.org.pl\/dok\/wp-json\/wp\/v2\/posts"}],"about":[{"href":"https:\/\/www.solidarnosc.org.pl\/dok\/wp-json\/wp\/v2\/types\/post"}],"author":[{"embeddable":true,"href":"https:\/\/www.solidarnosc.org.pl\/dok\/wp-json\/wp\/v2\/users\/3"}],"replies":[{"embeddable":true,"href":"https:\/\/www.solidarnosc.org.pl\/dok\/wp-json\/wp\/v2\/comments?post=6020"}],"version-history":[{"count":0,"href":"https:\/\/www.solidarnosc.org.pl\/dok\/wp-json\/wp\/v2\/posts\/6020\/revisions"}],"wp:attachment":[{"href":"https:\/\/www.solidarnosc.org.pl\/dok\/wp-json\/wp\/v2\/media?parent=6020"}],"wp:term":[{"taxonomy":"category","embeddable":true,"href":"https:\/\/www.solidarnosc.org.pl\/dok\/wp-json\/wp\/v2\/categories?post=6020"},{"taxonomy":"post_tag","embeddable":true,"href":"https:\/\/www.solidarnosc.org.pl\/dok\/wp-json\/wp\/v2\/tags?post=6020"}],"curies":[{"name":"wp","href":"https:\/\/api.w.org\/{rel}","templated":true}]}}