{"id":6008,"date":"2014-06-24T10:11:19","date_gmt":"2014-06-24T08:11:19","guid":{"rendered":"https:\/\/www.solidarnosc.org.pl\/dok\/?p=6008"},"modified":"2014-06-24T10:11:19","modified_gmt":"2014-06-24T08:11:19","slug":"decyzja-prezydium-kk-nr-152-2014-ws-wykreslenia-mkk-nr-14-przy-lubelsko-malopolskiej-spolce-cukrowej-z-rejestru-mkk","status":"publish","type":"post","link":"https:\/\/www.solidarnosc.org.pl\/dok\/2014\/06\/24\/decyzja-prezydium-kk-nr-152-2014-ws-wykreslenia-mkk-nr-14-przy-lubelsko-malopolskiej-spolce-cukrowej-z-rejestru-mkk\/","title":{"rendered":"Decyzja Prezydium KK nr 152\/2014 ws. wykre\u015blenia MKK nr 14 przy Lubelsko-Ma\u0142opolskiej Sp\u00f3\u0142ce Cukrowej z rejestru MKK"},"content":{"rendered":"<p>Prezydium Komisji Krajowej NSZZ \u201eSolidarno\u015b\u0107\u201d, dzia\u0142aj\u0105c na mocy uchwa\u0142y KK<br \/>\nnr 29\/04, skre\u015bla z rejestru Mi\u0119dzyzak\u0142adow\u0105 Komisj\u0119 Koordynacyjn\u0105 NSZZ \u201eSolidarno\u015b\u0107\u201d przy Lubelsko-Ma\u0142opolskiej Sp\u00f3\u0142ce Cukrowej zarejestrowan\u0105 pod nr 14 w Krajowym Rejestrze MKK, w zwi\u0105zku z zaprzestaniem dzia\u0142alno\u015bci<br \/><\/p>\n","protected":false},"excerpt":{"rendered":"<p>Prezydium Komisji Krajowej NSZZ \u201eSolidarno\u015b\u0107\u201d, dzia\u0142aj\u0105c na mocy uchwa\u0142y KK nr 29\/04, skre\u015bla z rejestru Mi\u0119dzyzak\u0142adow\u0105 Komisj\u0119 Koordynacyjn\u0105 NSZZ \u201eSolidarno\u015b\u0107\u201d przy Lubelsko-Ma\u0142opolskiej Sp\u00f3\u0142ce Cukrowej zarejestrowan\u0105 pod nr 14 w Krajowym Rejestrze MKK, w zwi\u0105zku z zaprzestaniem dzia\u0142alno\u015bci<\/p>\n","protected":false},"author":3,"featured_media":0,"comment_status":"closed","ping_status":"closed","sticky":false,"template":"","format":"standard","meta":{"footnotes":""},"categories":[73,9],"tags":[1236,270,61,536,534],"class_list":["post-6008","post","type-post","status-publish","format-standard","hentry","category-2014prezydium","category-dokprez","tag-152-2014","tag-270","tag-decyzja","tag-decyzja-prezydium","tag-prezydium"],"_links":{"self":[{"href":"https:\/\/www.solidarnosc.org.pl\/dok\/wp-json\/wp\/v2\/posts\/6008","targetHints":{"allow":["GET"]}}],"collection":[{"href":"https:\/\/www.solidarnosc.org.pl\/dok\/wp-json\/wp\/v2\/posts"}],"about":[{"href":"https:\/\/www.solidarnosc.org.pl\/dok\/wp-json\/wp\/v2\/types\/post"}],"author":[{"embeddable":true,"href":"https:\/\/www.solidarnosc.org.pl\/dok\/wp-json\/wp\/v2\/users\/3"}],"replies":[{"embeddable":true,"href":"https:\/\/www.solidarnosc.org.pl\/dok\/wp-json\/wp\/v2\/comments?post=6008"}],"version-history":[{"count":0,"href":"https:\/\/www.solidarnosc.org.pl\/dok\/wp-json\/wp\/v2\/posts\/6008\/revisions"}],"wp:attachment":[{"href":"https:\/\/www.solidarnosc.org.pl\/dok\/wp-json\/wp\/v2\/media?parent=6008"}],"wp:term":[{"taxonomy":"category","embeddable":true,"href":"https:\/\/www.solidarnosc.org.pl\/dok\/wp-json\/wp\/v2\/categories?post=6008"},{"taxonomy":"post_tag","embeddable":true,"href":"https:\/\/www.solidarnosc.org.pl\/dok\/wp-json\/wp\/v2\/tags?post=6008"}],"curies":[{"name":"wp","href":"https:\/\/api.w.org\/{rel}","templated":true}]}}