{"id":6006,"date":"2014-06-24T10:06:55","date_gmt":"2014-06-24T08:06:55","guid":{"rendered":"https:\/\/www.solidarnosc.org.pl\/dok\/?p=6006"},"modified":"2014-06-24T10:06:55","modified_gmt":"2014-06-24T08:06:55","slug":"decyzja-prezydium-kk-nr-151-2014-ws-opinii-o-poselskim-kp-po-projekcie-ustawy-o-zmianie-ustawy-o-podatku-dochodowym-od-osob-fizycznych-oraz-innych-ustaw","status":"publish","type":"post","link":"https:\/\/www.solidarnosc.org.pl\/dok\/2014\/06\/24\/decyzja-prezydium-kk-nr-151-2014-ws-opinii-o-poselskim-kp-po-projekcie-ustawy-o-zmianie-ustawy-o-podatku-dochodowym-od-osob-fizycznych-oraz-innych-ustaw\/","title":{"rendered":"Decyzja Prezydium KK nr 151\/2014 ws. opinii o  poselskim (KP PO)  projekcie ustawy o zmianie ustawy o podatku dochodowym od os\u00f3b fizycznych oraz innych ustaw"},"content":{"rendered":"<p>Prezydium Komisji Krajowej NSZZ \u201eSolidarno\u015b\u0107\u201d negatywnie opiniuje zmiany zaproponowane w poselskim projekcie ustawy o zmianie ustawy o podatku dochodowym od os\u00f3b fizycznych oraz innych ustaw.<br \/>\n     Rozwi\u0105zania zaproponowane w tzw \u201epakiecie startowym\u201d tj. ustawie przewiduj\u0105cej \u201ewakacje ubezpieczeniowe\u201d oraz \u201ekredyt podatkowy\u201d b\u0119d\u0105 sprzyja\u0107, zdaniem Prezydium Komisji Krajowej NSZZ \u201eSolidarno\u015b\u0107\u201d, wywieraniu presji na pracownikach do przechodzenia na samozatrudnienie, zw\u0142aszcza poprzez zmiany w podatku dochodowym od os\u00f3b fizycznych w zakresie rezygnacji z warunk\u00f3w uprawniaj\u0105cych do skorzystania z mo\u017cliwo\u015bci p\u0142atno\u015bci odroczonego podatku takich jak: wysoko\u015b\u0107 obrot\u00f3w oraz zatrudnienie 5 os\u00f3b w przeliczeniu na etaty.<br \/>\n    Proponowane zmiany w zakresie ubezpiecze\u0144 spo\u0142ecznych odczytujemy jako pr\u00f3b\u0119 obej\u015bcia jednolitego osk\u0142adkowania wszystkich form zatrudnienia.<br \/>\nSzczeg\u00f3lnie nie do zaakceptowania jest wprowadzenie dobrowolno\u015bci ubezpieczenia spo\u0142ecznego przez pierwszy okres prowadzenia dzia\u0142alno\u015bci (6 miesi\u0119cy), kt\u00f3re jest przenoszeniem ryzyka ubezpieczeniowego na samozatrudnioniego.<br \/>\n    Przypomnie\u0107 nale\u017cy, \u017ce aktualnie trwaj\u0105 rz\u0105dowe prace nad pr\u00f3b\u0105 ujednolicenia sk\u0142adkowania wszystkich form zatrudnienia, zaakceptowane przez wszystkich partner\u00f3w spo\u0142ecznych.<br \/><\/p>\n","protected":false},"excerpt":{"rendered":"<p>Prezydium Komisji Krajowej NSZZ \u201eSolidarno\u015b\u0107\u201d negatywnie opiniuje zmiany zaproponowane w poselskim projekcie ustawy o zmianie ustawy o podatku dochodowym od os\u00f3b fizycznych oraz innych ustaw. Rozwi\u0105zania zaproponowane w tzw \u201epakiecie startowym\u201d tj. ustawie przewiduj\u0105cej \u201ewakacje ubezpieczeniowe\u201d oraz \u201ekredyt podatkowy\u201d b\u0119d\u0105 sprzyja\u0107, zdaniem Prezydium Komisji Krajowej NSZZ \u201eSolidarno\u015b\u0107\u201d, wywieraniu presji na pracownikach do przechodzenia na samozatrudnienie, [&hellip;]<\/p>\n","protected":false},"author":3,"featured_media":0,"comment_status":"closed","ping_status":"closed","sticky":false,"template":"","format":"standard","meta":{"footnotes":""},"categories":[73,9],"tags":[1235,270,61,536,534],"class_list":["post-6006","post","type-post","status-publish","format-standard","hentry","category-2014prezydium","category-dokprez","tag-151-2014","tag-270","tag-decyzja","tag-decyzja-prezydium","tag-prezydium"],"_links":{"self":[{"href":"https:\/\/www.solidarnosc.org.pl\/dok\/wp-json\/wp\/v2\/posts\/6006","targetHints":{"allow":["GET"]}}],"collection":[{"href":"https:\/\/www.solidarnosc.org.pl\/dok\/wp-json\/wp\/v2\/posts"}],"about":[{"href":"https:\/\/www.solidarnosc.org.pl\/dok\/wp-json\/wp\/v2\/types\/post"}],"author":[{"embeddable":true,"href":"https:\/\/www.solidarnosc.org.pl\/dok\/wp-json\/wp\/v2\/users\/3"}],"replies":[{"embeddable":true,"href":"https:\/\/www.solidarnosc.org.pl\/dok\/wp-json\/wp\/v2\/comments?post=6006"}],"version-history":[{"count":0,"href":"https:\/\/www.solidarnosc.org.pl\/dok\/wp-json\/wp\/v2\/posts\/6006\/revisions"}],"wp:attachment":[{"href":"https:\/\/www.solidarnosc.org.pl\/dok\/wp-json\/wp\/v2\/media?parent=6006"}],"wp:term":[{"taxonomy":"category","embeddable":true,"href":"https:\/\/www.solidarnosc.org.pl\/dok\/wp-json\/wp\/v2\/categories?post=6006"},{"taxonomy":"post_tag","embeddable":true,"href":"https:\/\/www.solidarnosc.org.pl\/dok\/wp-json\/wp\/v2\/tags?post=6006"}],"curies":[{"name":"wp","href":"https:\/\/api.w.org\/{rel}","templated":true}]}}