{"id":5989,"date":"2014-06-09T09:55:18","date_gmt":"2014-06-09T07:55:18","guid":{"rendered":"https:\/\/www.solidarnosc.org.pl\/dok\/?p=5989"},"modified":"2014-06-09T09:55:18","modified_gmt":"2014-06-09T07:55:18","slug":"decyzja-prezydium-kk-nr-141-2014-ws-zawarcia-umowy-z-fundacji-centrum-badania-opinii-spolecznej-na-przygotowanie-i-przeprowadzenie-badan-opinii-publicznej-na-temat-wizerunku-zwiazkow-zawodowych-lidero","status":"publish","type":"post","link":"https:\/\/www.solidarnosc.org.pl\/dok\/2014\/06\/09\/decyzja-prezydium-kk-nr-141-2014-ws-zawarcia-umowy-z-fundacji-centrum-badania-opinii-spolecznej-na-przygotowanie-i-przeprowadzenie-badan-opinii-publicznej-na-temat-wizerunku-zwiazkow-zawodowych-lidero\/","title":{"rendered":"Decyzja Prezydium KK nr 141\/2014 ws. zawarcia umowy z Fundacji Centrum Badania Opinii Spo\u0142ecznej na przygotowanie i przeprowadzenie bada\u0144 opinii publicznej na temat wizerunku zwi\u0105zk\u00f3w zawodowych, lider\u00f3w zwi\u0105zkowych i aktywno\u015bci oraz dzia\u0142a\u0144 podejmow"},"content":{"rendered":"<p>\n\t(do u\u017cytku s\u0142u\u017cbowego)<\/p>\n<p><\/p>\n","protected":false},"excerpt":{"rendered":"<p>(do u\u017cytku s\u0142u\u017cbowego)<\/p>\n","protected":false},"author":3,"featured_media":0,"comment_status":"closed","ping_status":"closed","sticky":false,"template":"","format":"standard","meta":{"footnotes":""},"categories":[73,9],"tags":[1225,270,61,536,534],"class_list":["post-5989","post","type-post","status-publish","format-standard","hentry","category-2014prezydium","category-dokprez","tag-141-2014","tag-270","tag-decyzja","tag-decyzja-prezydium","tag-prezydium"],"_links":{"self":[{"href":"https:\/\/www.solidarnosc.org.pl\/dok\/wp-json\/wp\/v2\/posts\/5989","targetHints":{"allow":["GET"]}}],"collection":[{"href":"https:\/\/www.solidarnosc.org.pl\/dok\/wp-json\/wp\/v2\/posts"}],"about":[{"href":"https:\/\/www.solidarnosc.org.pl\/dok\/wp-json\/wp\/v2\/types\/post"}],"author":[{"embeddable":true,"href":"https:\/\/www.solidarnosc.org.pl\/dok\/wp-json\/wp\/v2\/users\/3"}],"replies":[{"embeddable":true,"href":"https:\/\/www.solidarnosc.org.pl\/dok\/wp-json\/wp\/v2\/comments?post=5989"}],"version-history":[{"count":0,"href":"https:\/\/www.solidarnosc.org.pl\/dok\/wp-json\/wp\/v2\/posts\/5989\/revisions"}],"wp:attachment":[{"href":"https:\/\/www.solidarnosc.org.pl\/dok\/wp-json\/wp\/v2\/media?parent=5989"}],"wp:term":[{"taxonomy":"category","embeddable":true,"href":"https:\/\/www.solidarnosc.org.pl\/dok\/wp-json\/wp\/v2\/categories?post=5989"},{"taxonomy":"post_tag","embeddable":true,"href":"https:\/\/www.solidarnosc.org.pl\/dok\/wp-json\/wp\/v2\/tags?post=5989"}],"curies":[{"name":"wp","href":"https:\/\/api.w.org\/{rel}","templated":true}]}}