{"id":5983,"date":"2014-06-09T09:50:14","date_gmt":"2014-06-09T07:50:14","guid":{"rendered":"https:\/\/www.solidarnosc.org.pl\/dok\/?p=5983"},"modified":"2014-06-09T09:50:14","modified_gmt":"2014-06-09T07:50:14","slug":"decyzja-prezydium-kk-nr-138-2014-ws-wykreslenia-mkk-nr-35-przy-inspekcji-handlowej-z-rejestru-mkk","status":"publish","type":"post","link":"https:\/\/www.solidarnosc.org.pl\/dok\/2014\/06\/09\/decyzja-prezydium-kk-nr-138-2014-ws-wykreslenia-mkk-nr-35-przy-inspekcji-handlowej-z-rejestru-mkk\/","title":{"rendered":"Decyzja Prezydium KK nr 138\/2014 ws. wykre\u015blenia MKK nr 35 przy Inspekcji Handlowej z rejestru MKK"},"content":{"rendered":"<p>\n\tPrezydium Komisji Krajowej NSZZ &bdquo;Solidarno\u015b\u0107&rdquo; dzia\u0142aj\u0105c na mocy Uchwa\u0142y KK&nbsp;nr 29\/04 skre\u015bla z rejestru Mi\u0119dzyzak\u0142adow\u0105 Komisj\u0119 Koordynacyjn\u0105 NSZZ &bdquo;Solidarno\u015b\u0107&rdquo; przy Inspekcji Handlowej zarejestrowan\u0105 pod nr 35 w&nbsp;Krajowym Rejestrze MKK, w&nbsp;zwi\u0105zku z zaprzestaniem dzia\u0142alno\u015bci.<\/p>\n<p><\/p>\n","protected":false},"excerpt":{"rendered":"<p>Prezydium Komisji Krajowej NSZZ &bdquo;Solidarno\u015b\u0107&rdquo; dzia\u0142aj\u0105c na mocy Uchwa\u0142y KK&nbsp;nr 29\/04 skre\u015bla z rejestru Mi\u0119dzyzak\u0142adow\u0105 Komisj\u0119 Koordynacyjn\u0105 NSZZ &bdquo;Solidarno\u015b\u0107&rdquo; przy Inspekcji Handlowej zarejestrowan\u0105 pod nr 35 w&nbsp;Krajowym Rejestrze MKK, w&nbsp;zwi\u0105zku z zaprzestaniem dzia\u0142alno\u015bci.<\/p>\n","protected":false},"author":3,"featured_media":0,"comment_status":"closed","ping_status":"closed","sticky":false,"template":"","format":"standard","meta":{"footnotes":""},"categories":[73,9],"tags":[1222,270,61,536,534],"class_list":["post-5983","post","type-post","status-publish","format-standard","hentry","category-2014prezydium","category-dokprez","tag-138-2014","tag-270","tag-decyzja","tag-decyzja-prezydium","tag-prezydium"],"_links":{"self":[{"href":"https:\/\/www.solidarnosc.org.pl\/dok\/wp-json\/wp\/v2\/posts\/5983","targetHints":{"allow":["GET"]}}],"collection":[{"href":"https:\/\/www.solidarnosc.org.pl\/dok\/wp-json\/wp\/v2\/posts"}],"about":[{"href":"https:\/\/www.solidarnosc.org.pl\/dok\/wp-json\/wp\/v2\/types\/post"}],"author":[{"embeddable":true,"href":"https:\/\/www.solidarnosc.org.pl\/dok\/wp-json\/wp\/v2\/users\/3"}],"replies":[{"embeddable":true,"href":"https:\/\/www.solidarnosc.org.pl\/dok\/wp-json\/wp\/v2\/comments?post=5983"}],"version-history":[{"count":0,"href":"https:\/\/www.solidarnosc.org.pl\/dok\/wp-json\/wp\/v2\/posts\/5983\/revisions"}],"wp:attachment":[{"href":"https:\/\/www.solidarnosc.org.pl\/dok\/wp-json\/wp\/v2\/media?parent=5983"}],"wp:term":[{"taxonomy":"category","embeddable":true,"href":"https:\/\/www.solidarnosc.org.pl\/dok\/wp-json\/wp\/v2\/categories?post=5983"},{"taxonomy":"post_tag","embeddable":true,"href":"https:\/\/www.solidarnosc.org.pl\/dok\/wp-json\/wp\/v2\/tags?post=5983"}],"curies":[{"name":"wp","href":"https:\/\/api.w.org\/{rel}","templated":true}]}}