{"id":5981,"date":"2014-06-09T09:44:36","date_gmt":"2014-06-09T07:44:36","guid":{"rendered":"https:\/\/www.solidarnosc.org.pl\/dok\/?p=5981"},"modified":"2014-06-09T09:44:36","modified_gmt":"2014-06-09T07:44:36","slug":"decyzja-prezydium-kk-nr-137-2014-ws-upowaznienia-do-podpisania-aneksu-wniosku-o-dofinansowanie-projektu","status":"publish","type":"post","link":"https:\/\/www.solidarnosc.org.pl\/dok\/2014\/06\/09\/decyzja-prezydium-kk-nr-137-2014-ws-upowaznienia-do-podpisania-aneksu-wniosku-o-dofinansowanie-projektu\/","title":{"rendered":"Decyzja Prezydium KK nr 137\/2014 ws. upowa\u017cnienia do podpisania aneksu wniosku o dofinansowanie projektu"},"content":{"rendered":"<p>\n\t&nbsp;<\/p>\n<p>\n\tPrezydium Komisji Krajowej NSZZ &bdquo;Solidarno\u015b\u0107&rdquo; na podst. &sect; 42 ust. 7 Statutu upowa\u017cnia Bogdana Szozd\u0119 &#8211; Przewodnicz\u0105cego Rady Sekretariatu Metalowc&oacute;w NSZZ &bdquo;Solidarno\u015b\u0107&rdquo; oraz Adama Ditmera &#8211; Zast\u0119pc\u0119 Przewodnicz\u0105cego Sekretariatu Metalowc&oacute;w NSZZ &bdquo;Solidarno\u015b\u0107&rdquo; do podpisania w imieniu NSZZ &bdquo;Solidarno\u015b\u0107&rdquo; Aneksu do umowy wraz z wnioskiem o dofinansowanie projektu nr WND-POKL.01.02-00-033\/09 &bdquo;Kwalifikacje zawodowe dzi\u015b i jutro &ndash; badanie adaptacyjno\u015bci przedsi\u0119biorstw i pracownik&oacute;w w sektorze hutnictwa stali&rdquo; oraz wszelkich dokument&oacute;w zwi\u0105zanych z projektem.<\/p>\n<p><\/p>\n","protected":false},"excerpt":{"rendered":"<p>&nbsp; Prezydium Komisji Krajowej NSZZ &bdquo;Solidarno\u015b\u0107&rdquo; na podst. &sect; 42 ust. 7 Statutu upowa\u017cnia Bogdana Szozd\u0119 &#8211; Przewodnicz\u0105cego Rady Sekretariatu Metalowc&oacute;w NSZZ &bdquo;Solidarno\u015b\u0107&rdquo; oraz Adama Ditmera &#8211; Zast\u0119pc\u0119 Przewodnicz\u0105cego Sekretariatu Metalowc&oacute;w NSZZ &bdquo;Solidarno\u015b\u0107&rdquo; do podpisania w imieniu NSZZ &bdquo;Solidarno\u015b\u0107&rdquo; Aneksu do umowy wraz z wnioskiem o dofinansowanie projektu nr WND-POKL.01.02-00-033\/09 &bdquo;Kwalifikacje zawodowe dzi\u015b i jutro [&hellip;]<\/p>\n","protected":false},"author":3,"featured_media":0,"comment_status":"closed","ping_status":"closed","sticky":false,"template":"","format":"standard","meta":{"footnotes":""},"categories":[73,9],"tags":[1221,270,61,536,534],"class_list":["post-5981","post","type-post","status-publish","format-standard","hentry","category-2014prezydium","category-dokprez","tag-137-2014","tag-270","tag-decyzja","tag-decyzja-prezydium","tag-prezydium"],"_links":{"self":[{"href":"https:\/\/www.solidarnosc.org.pl\/dok\/wp-json\/wp\/v2\/posts\/5981","targetHints":{"allow":["GET"]}}],"collection":[{"href":"https:\/\/www.solidarnosc.org.pl\/dok\/wp-json\/wp\/v2\/posts"}],"about":[{"href":"https:\/\/www.solidarnosc.org.pl\/dok\/wp-json\/wp\/v2\/types\/post"}],"author":[{"embeddable":true,"href":"https:\/\/www.solidarnosc.org.pl\/dok\/wp-json\/wp\/v2\/users\/3"}],"replies":[{"embeddable":true,"href":"https:\/\/www.solidarnosc.org.pl\/dok\/wp-json\/wp\/v2\/comments?post=5981"}],"version-history":[{"count":0,"href":"https:\/\/www.solidarnosc.org.pl\/dok\/wp-json\/wp\/v2\/posts\/5981\/revisions"}],"wp:attachment":[{"href":"https:\/\/www.solidarnosc.org.pl\/dok\/wp-json\/wp\/v2\/media?parent=5981"}],"wp:term":[{"taxonomy":"category","embeddable":true,"href":"https:\/\/www.solidarnosc.org.pl\/dok\/wp-json\/wp\/v2\/categories?post=5981"},{"taxonomy":"post_tag","embeddable":true,"href":"https:\/\/www.solidarnosc.org.pl\/dok\/wp-json\/wp\/v2\/tags?post=5981"}],"curies":[{"name":"wp","href":"https:\/\/api.w.org\/{rel}","templated":true}]}}